{"id":9633,"date":"2022-10-08T11:18:26","date_gmt":"2022-10-08T16:18:26","guid":{"rendered":"https:\/\/podernacional.com\/?p=9633"},"modified":"2022-10-08T16:18:29","modified_gmt":"2022-10-08T16:18:29","slug":"enfrenta-amparo-nuevo-pdu-de-cancun","status":"publish","type":"post","link":"https:\/\/podernacional.com\/?p=9633","title":{"rendered":"Enfrenta amparo nuevo PDU de Canc\u00fan"},"content":{"rendered":"<h4>Aseguran que el documento aprobado no es el mismo que se present\u00f3 en las consultas ciudadanas.<\/h4>\n<p>Amparo nuevo PDU: Ingresan amparo contra nuevo PDU de Canc\u00fan. (Paola Chiomante\/SIPSE)<\/p>\n<p>Aprobado hace apenas dos semanas, el nuevo Programa de Desarrollo Urbano (PDU).<\/p>\n<p>El cual\u00a0enfrenta un amparo presentado ayer por la organizaci\u00f3n Defendiendo el Derecho a un Medio Ambiente Sano (DMAS).<\/p>\n<p>Ademas\u00a0que se suma a otros tres recursos legales que mantienen contra la versi\u00f3n del instrumento de 2018.<\/p>\n<p>Antonella V\u00e1zquez Cavedon, representante de DMAS, dio a conocer que en total ya se tienen cuatro amparos.<\/p>\n<p>Estos ser\u00edan contra el Ayuntamiento Benito Ju\u00e1rez por la aprobaci\u00f3n del mismo.<\/p>\n<p>Igualmente como\u00a0la Secretar\u00eda de Ecolog\u00eda y Desarrollo Urbano; la Secretar\u00eda de Desarrollo Territorial Urbano Sustentable (Sedetus).<\/p>\n<h4>El cual emiti\u00f3 un dictamen de congruencia, as\u00ed como el Congreso del Estado de Quintana Roo.<\/h4>\n<p>Lo que se busca es anular los instrumentos de 2022, y 2018.<\/p>\n<p>Ademas que\u00a0ya que aseguran que el documento aprobado no es el mismo que se present\u00f3 en las consultas ciudadanas.<\/p>\n<p>\u201cEn 2019 se presentaron los primeros amparos por ciudadanos de al menos 20 Supermanzanas y Regiones\u201d.<\/p>\n<p>\u201cQuienes estaban en desacuerdo con este instrumento, mismos que siguen su curso en diferentes juzgados\u201d.<\/p>\n<p>\u201cPor ello se sigue la ampliaci\u00f3n, ya que se busca certeza jur\u00eddica, pero con documentos bien elaborados\u201d, agreg\u00f3.<\/p>\n<p>Lo que deriv\u00f3 el promover \u00faltimo amparo es una queja ciudadana ante un cambio de Uso de Suelo, a lo que el ayuntamiento s\u00f3lo contest\u00f3:<\/p>\n<p>\u201cGracias por participar\u201d, lo cual se suma a las anomal\u00edas que ya se tienen de este instrumento que marca el crecimiento de la ciudad.<\/p>\n<p>A trav\u00e9s de una conferencia, en la que participaron representantes de DMAS, el comit\u00e9 de la Supermanzana 15.<\/p>\n<h4>As\u00ed mismo con ciudadanos que participaron en las mesas de trabajo para la elaboraci\u00f3n del nuevo \u00a0PDU.<\/h4>\n<p>Ademas que\u00a0se detall\u00f3 que encontraron \u201cvicios recurrentes\u201d entre el instrumento que se puso a consulta p\u00fablica y el documento final aprobado.<\/p>\n<p>Entre ellas mencionaron que los pol\u00edgonos que se establecen en el aprobado son 11, sin embargo, en la consulta p\u00fablica solo marcaba ocho.<\/p>\n<p>Tambi\u00e9n encontraron que existen zonas donde no se cumple con el m\u00ednimo de 12 metros cuadrados de \u00e1rea verde por habitante.<\/p>\n<p>Esto como lo marca la Ley de Asentamientos Humanos.<\/p>\n<p>Celina Izquierdo S\u00e1nchez, acad\u00e9mica de la Unicaribe, explic\u00f3 que incluso el Consejo Consultivo no tuvo acceso al documento.<\/p>\n<p>Dicho documento que se lanz\u00f3 a consulta p\u00fablica e incluso en una sesi\u00f3n a puerta cerrada indicaron que era confidencial, lo que calific\u00f3 de preocupante.<\/p>\n","protected":false},"excerpt":{"rendered":"<p>Aseguran que el documento aprobado no es el mismo que se present\u00f3 en las consultas ciudadanas. Amparo nuevo PDU: Ingresan amparo contra nuevo PDU de Canc\u00fan. (Paola Chiomante\/SIPSE) Aprobado hace apenas dos semanas, el nuevo Programa de Desarrollo Urbano (PDU). El cual\u00a0enfrenta un amparo presentado ayer por la organizaci\u00f3n Defendiendo el Derecho a un Medio [&hellip;]<\/p>\n","protected":false},"author":1,"featured_media":9635,"comment_status":"open","ping_status":"closed","sticky":false,"template":"","format":"standard","meta":{"footnotes":""},"categories":[6,9,10],"tags":[],"class_list":["post-9633","post","type-post","status-publish","format-standard","has-post-thumbnail","hentry","category-local","category-politica","category-quintana-roo"],"_links":{"self":[{"href":"https:\/\/podernacional.com\/index.php?rest_route=\/wp\/v2\/posts\/9633","targetHints":{"allow":["GET"]}}],"collection":[{"href":"https:\/\/podernacional.com\/index.php?rest_route=\/wp\/v2\/posts"}],"about":[{"href":"https:\/\/podernacional.com\/index.php?rest_route=\/wp\/v2\/types\/post"}],"author":[{"embeddable":true,"href":"https:\/\/podernacional.com\/index.php?rest_route=\/wp\/v2\/users\/1"}],"replies":[{"embeddable":true,"href":"https:\/\/podernacional.com\/index.php?rest_route=%2Fwp%2Fv2%2Fcomments&post=9633"}],"version-history":[{"count":1,"href":"https:\/\/podernacional.com\/index.php?rest_route=\/wp\/v2\/posts\/9633\/revisions"}],"predecessor-version":[{"id":9634,"href":"https:\/\/podernacional.com\/index.php?rest_route=\/wp\/v2\/posts\/9633\/revisions\/9634"}],"wp:featuredmedia":[{"embeddable":true,"href":"https:\/\/podernacional.com\/index.php?rest_route=\/wp\/v2\/media\/9635"}],"wp:attachment":[{"href":"https:\/\/podernacional.com\/index.php?rest_route=%2Fwp%2Fv2%2Fmedia&parent=9633"}],"wp:term":[{"taxonomy":"category","embeddable":true,"href":"https:\/\/podernacional.com\/index.php?rest_route=%2Fwp%2Fv2%2Fcategories&post=9633"},{"taxonomy":"post_tag","embeddable":true,"href":"https:\/\/podernacional.com\/index.php?rest_route=%2Fwp%2Fv2%2Ftags&post=9633"}],"curies":[{"name":"wp","href":"https:\/\/api.w.org\/{rel}","templated":true}]}}