{"id":9645,"date":"2022-10-08T12:01:38","date_gmt":"2022-10-08T17:01:38","guid":{"rendered":"https:\/\/podernacional.com\/?p=9645"},"modified":"2022-10-08T17:01:39","modified_gmt":"2022-10-08T17:01:39","slug":"monitorean-en-quintana-roo-a-tormenta-tropical-julia","status":"publish","type":"post","link":"https:\/\/podernacional.com\/?p=9645","title":{"rendered":"Monitorean en Quintana Roo a tormenta tropical \u00abJulia\u00bb"},"content":{"rendered":"<h4>Se prev\u00e9 que el meteoro se convierta en hurac\u00e1n en su paso por el Caribe y Centroam\u00e9rica<\/h4>\n<p>Tormenta tropical \u00abJulia\u00bb: La Coordinaci\u00f3n Estatal de Protecci\u00f3n Civil de Quintana Roo monitorea el desplazamiento de la tormenta tropical \u00abJulia\u00bb por posibles afectaciones en ese territorio.<\/p>\n<p>\u00abJulia\u00bb se ubica en el mar Caribe, en la costa de Colombia, con vientos m\u00e1ximos de 65 kph. .<\/p>\n<p>Al igual que unas\u00a0rachas mayores de 120 kph., se mueve al oeste 270 grados a raz\u00f3n de 33 kph.<\/p>\n<p>Ademas esto a aproximadamente a 1,075 km. de Quintana Roo.<\/p>\n<p>El presidente de Colombia, Gustavo Petro, inform\u00f3 que su pa\u00eds se encuentra \u00abalerta m\u00e1xima\u00bb.<\/p>\n<p>Esto\u00a0pues \u00abes altamente probable que tormenta Julia pase a Hurac\u00e1n y llegue a San Andr\u00e9s entre 7 y 9 de la noche\u00bb.<\/p>\n<p>Seg\u00fan el \u00faltimo reporte del Instituto de Hidrolog\u00eda, Meteorolog\u00eda y Estudios Ambientales (Ideam).<\/p>\n<p>La cual mencionan que es una entidad encargada de monitorear los fen\u00f3menos meteorol\u00f3gicos en Colombia.<\/p>\n<h4>Ademas mencionan que la tormenta se fortalecer\u00e1 hasta convertirse en hurac\u00e1n esta tarde o noche.<\/h4>\n<p>Con esto\u00a0\u00abexiste una alta probabilidad de que Julia pase directamente por la isla de San Andr\u00e9s\u00bb.<\/p>\n<p>El pron\u00f3stico de trayectoria del Centro Naciomal de Huracanes (NHC) de Estados Unidos indica que el centro de Julia pasar\u00e1 cerca.<\/p>\n<p>O bien menciona que\u00a0sobre el archipi\u00e9lago colombiano esta noche y el domingo por la ma\u00f1ana llegar\u00e1 a la costa de Nicaragua.<\/p>\n<p>\u00abJulia\u00bb o sus remanentes girar\u00e1n luego hacia el oeste-noroeste y estar\u00e1n cerca de la costa del Pac\u00edfico de Centroam\u00e9rica el lunes.<\/p>\n<p>Por consecuente igual, Colombia declara \u00abalerta m\u00e1xima\u00bb en isla de San Andr\u00e9s por tormenta Julia<\/p>\n<p>Hay adem\u00e1s avisos menos graves para otras zonas de Nicaragua y Honduras.<\/p>\n<p>\u00bf\u00bbJulia\u00bb afectar\u00e1 a M\u00e9xico?<\/p>\n<p>Se prev\u00e9 que los remanentes del meteoro afecten levemente a Chiapas, en M\u00e9xico, luego de su paso por el mar Caribe y Centroam\u00e9rica.<\/p>\n","protected":false},"excerpt":{"rendered":"<p>Se prev\u00e9 que el meteoro se convierta en hurac\u00e1n en su paso por el Caribe y Centroam\u00e9rica Tormenta tropical \u00abJulia\u00bb: La Coordinaci\u00f3n Estatal de Protecci\u00f3n Civil de Quintana Roo monitorea el desplazamiento de la tormenta tropical \u00abJulia\u00bb por posibles afectaciones en ese territorio. \u00abJulia\u00bb se ubica en el mar Caribe, en la costa de Colombia, [&hellip;]<\/p>\n","protected":false},"author":1,"featured_media":9647,"comment_status":"open","ping_status":"closed","sticky":false,"template":"","format":"standard","meta":{"footnotes":""},"categories":[5,6,10],"tags":[],"class_list":["post-9645","post","type-post","status-publish","format-standard","has-post-thumbnail","hentry","category-internacional","category-local","category-quintana-roo"],"_links":{"self":[{"href":"https:\/\/podernacional.com\/index.php?rest_route=\/wp\/v2\/posts\/9645","targetHints":{"allow":["GET"]}}],"collection":[{"href":"https:\/\/podernacional.com\/index.php?rest_route=\/wp\/v2\/posts"}],"about":[{"href":"https:\/\/podernacional.com\/index.php?rest_route=\/wp\/v2\/types\/post"}],"author":[{"embeddable":true,"href":"https:\/\/podernacional.com\/index.php?rest_route=\/wp\/v2\/users\/1"}],"replies":[{"embeddable":true,"href":"https:\/\/podernacional.com\/index.php?rest_route=%2Fwp%2Fv2%2Fcomments&post=9645"}],"version-history":[{"count":1,"href":"https:\/\/podernacional.com\/index.php?rest_route=\/wp\/v2\/posts\/9645\/revisions"}],"predecessor-version":[{"id":9646,"href":"https:\/\/podernacional.com\/index.php?rest_route=\/wp\/v2\/posts\/9645\/revisions\/9646"}],"wp:featuredmedia":[{"embeddable":true,"href":"https:\/\/podernacional.com\/index.php?rest_route=\/wp\/v2\/media\/9647"}],"wp:attachment":[{"href":"https:\/\/podernacional.com\/index.php?rest_route=%2Fwp%2Fv2%2Fmedia&parent=9645"}],"wp:term":[{"taxonomy":"category","embeddable":true,"href":"https:\/\/podernacional.com\/index.php?rest_route=%2Fwp%2Fv2%2Fcategories&post=9645"},{"taxonomy":"post_tag","embeddable":true,"href":"https:\/\/podernacional.com\/index.php?rest_route=%2Fwp%2Fv2%2Ftags&post=9645"}],"curies":[{"name":"wp","href":"https:\/\/api.w.org\/{rel}","templated":true}]}}