{"id":9651,"date":"2022-10-10T16:19:33","date_gmt":"2022-10-10T21:19:33","guid":{"rendered":"https:\/\/podernacional.com\/?p=9651"},"modified":"2022-10-10T21:19:35","modified_gmt":"2022-10-10T21:19:35","slug":"sheinbaum-nombra-al-nuevo-director-del-rtp-y-presenta-unidades-con-wifi","status":"publish","type":"post","link":"https:\/\/podernacional.com\/?p=9651","title":{"rendered":"Sheinbaum nombra al nuevo director del RTP y presenta unidades con WiFi"},"content":{"rendered":"<h4 class=\"BlocksPage-subHeadline\" style=\"text-align: center;\">La jefa de Gobierno, Claudia Sheinbaum, present\u00f3 a Sergio Benito Osorio Romero como el nuevo director de la Red de Transporte de Pasajeros (RTP).<\/h4>\n<div class=\"BlocksPage-bar\">\n<p>La jefa de Gobierno, Claudia Sheinbaum, present\u00f3 a Sergio Benito Osorio Romero como el nuevo director de la Red de Transporte de Pasajeros (RTP).<\/p>\n<div class=\"mainWrap\">\n<div class=\"BlocksPage-mainHead\">\n<div class=\"BlockWrap\">\n<article class=\"first-block\">\u201c\u00c9l es un economista muy calificado, tiene licenciatura, maestr\u00eda, varios reconocimientos y se ha dedicado durante muchos a\u00f1os de su vida no solamente al estudio, sino tambi\u00e9n a la actividad pol\u00edtica, as\u00ed que es una muy buena noticia que est\u00e9 al frente y va a ayudar mucho\u201d, dijo en un evento en el Monumento a la Revoluci\u00f3n, donde se presentaron las nuevas unidades del RTP.<\/p>\n<\/article>\n<\/div>\n<\/div>\n<\/div>\n<div class=\"BlocksPage-main\" data-modulewell=\"\">\n<div class=\"blocks\">\n<div class=\"first-block-below\">\n<p>Osorio Romero afirm\u00f3 que el reto al asumir la direcci\u00f3n de este sistema de transporte es mejorar la eficiencia del mismo y adelant\u00f3 que se realizar\u00e1 una encuesta a los usuarios para conocer d\u00f3nde se necesita mejorar, por lo cual dijo que buscar\u00e1 la ayuda del INEGI para que sea un estudio independiente.<\/p>\n<p>\u201cEl reto fundamental que tenemos en el organismo es mejorar de manera muy importante la eficiencia, este es un sistema cuya fisonom\u00eda yo creo que es el del servicio p\u00fablico, b\u00e1sicamente.\u201cRTP entra a pr\u00e1cticamente todas las colonias de la Ciudad de M\u00e9xico, por diferencia de los otros sistemas que son fundamentales, pero que tienen una orientaci\u00f3n de atravesar el conjunto de la ciudad, etc\u00e9tera. Los veh\u00edculos de RTP van directamente a las colonias y sirven a estos otros grandes sistemas\u201d, afirm\u00f3 el funcionario.<\/p>\n<h2 class=\"cms-Subtitulos-Subtitulo1\"><b>\u00bfQui\u00e9n es el nuevo director de RTP?<\/b><\/h2>\n<p>Es licenciado en Econom\u00eda por el IPN y cuenta con varias maestr\u00edas, una en Econom\u00eda y otra en Pol\u00edtica Internacional por el CIDE, as\u00ed como una m\u00e1s en Derecho Econ\u00f3mico por la UAM plantel Xochimilco.<\/p>\n<p>En 2020 Osorio Romero era el l\u00edder de la Agrupaci\u00f3n Pol\u00edtica Nacional (APN) \u2018Unidos por un mejor pa\u00eds\u2019 y firm\u00f3 un acuerdo con Mario Delgado, presidente nacional de Morena, para dar apoyo electoral a dicho partido en m\u00e1s de 20 entidades.<\/p>\n<p>A inicios de este a\u00f1o fue propuesto por el presidente Andr\u00e9s Manuel L\u00f3pez Obrador como uno de los miembros independientes para el Comit\u00e9 T\u00e9cnico del Fondo Mexicano del Petr\u00f3leo para la Estabilizaci\u00f3n y el Desarrollo.<\/p>\n<p>Sin embargo no obtuvo los votos necesarios para ser ratificado en el cargo, luego de que el senador Dami\u00e1n Zepeda del PAN criticara que su nombramiento representar\u00eda subordinaci\u00f3n en un cargo que debe ser independiente.<\/p>\n<p>Osorio Romero tambi\u00e9n fue consejero nacional del PRD entre 1999 y 2002 y diputado federal por el mismo partido de 1997 al 2000.<\/p>\n<h2 class=\"cms-Subtitulos-Subtitulo1\"><b>Unidades m\u00e1s cortas, con WiFi y c\u00e1maras<\/b><\/h2>\n<p>En el Monumento a la Revoluci\u00f3n se dio el banderazo de salida a las 45 nuevas unidades del RTP, a las cuales se sumar\u00e1n 122 que estar\u00e1n por entrar en operaci\u00f3n en noviembre de este a\u00f1o; cada una tuvo un costo de 3.9 millones de pesos y se estima que dar\u00e1n servicio a alrededor de 200,000 personas.<\/p>\n<p>Los autobuses circular\u00e1n en Tlalpan y Magdalena Contreras, principalmente, por lo que se decidi\u00f3 que fueran m\u00e1s cortos que las unidades convencionales para facilitar los traslados en las partes altas de estas demarcaciones.<\/p>\n<p>\u201cAlgo muy novedoso es que todos van a tener\u00a0<i>Wifi<\/i>\u00a0gratuito, todos estos autobuses para los usuarios de la Red de Transporte de Pasajeros\u201d, dijo la jefa de Gobierno.<\/p>\n<p><b>Las nuevas unidades cuentan con:<\/b><\/p>\n<ul>\n<li>Wifi gratuito en cada veh\u00edculo para los pasajeros<\/li>\n<li>Tecnolog\u00eda Euro VI de bajas emisiones<\/li>\n<li>Accesibilidad universal para personas con limitaciones de movilidad<\/li>\n<li>C\u00e1maras de vigilancia<\/li>\n<li>Espacio para 72 pasajeros, 23 sentados y 49 de pie<\/li>\n<li>Sistema de arrodillamiento, para facilitar el acceso a personas de la tercera edad<\/li>\n<li>Pago con Tarjeta de Movilidad Integrada<\/li>\n<\/ul>\n<\/div>\n<\/div>\n<\/div>\n<div id=\"dailymotion-instance-7a914e2a-273d-7d04-5ccf-49e01a9f806c\" class=\"dailymotion-player-root dailymotion-player-x9k64\"><\/div>\n<\/div>\n","protected":false},"excerpt":{"rendered":"<p>La jefa de Gobierno, Claudia Sheinbaum, present\u00f3 a Sergio Benito Osorio Romero como el nuevo director de la Red de Transporte de Pasajeros (RTP). La jefa de Gobierno, Claudia Sheinbaum, present\u00f3 a Sergio Benito Osorio Romero como el nuevo director de la Red de Transporte de Pasajeros (RTP). \u201c\u00c9l es un economista muy calificado, tiene [&hellip;]<\/p>\n","protected":false},"author":1,"featured_media":9653,"comment_status":"open","ping_status":"closed","sticky":false,"template":"","format":"standard","meta":{"footnotes":""},"categories":[7,13],"tags":[],"class_list":["post-9651","post","type-post","status-publish","format-standard","has-post-thumbnail","hentry","category-nacional","category-tecnologia"],"_links":{"self":[{"href":"https:\/\/podernacional.com\/index.php?rest_route=\/wp\/v2\/posts\/9651","targetHints":{"allow":["GET"]}}],"collection":[{"href":"https:\/\/podernacional.com\/index.php?rest_route=\/wp\/v2\/posts"}],"about":[{"href":"https:\/\/podernacional.com\/index.php?rest_route=\/wp\/v2\/types\/post"}],"author":[{"embeddable":true,"href":"https:\/\/podernacional.com\/index.php?rest_route=\/wp\/v2\/users\/1"}],"replies":[{"embeddable":true,"href":"https:\/\/podernacional.com\/index.php?rest_route=%2Fwp%2Fv2%2Fcomments&post=9651"}],"version-history":[{"count":1,"href":"https:\/\/podernacional.com\/index.php?rest_route=\/wp\/v2\/posts\/9651\/revisions"}],"predecessor-version":[{"id":9652,"href":"https:\/\/podernacional.com\/index.php?rest_route=\/wp\/v2\/posts\/9651\/revisions\/9652"}],"wp:featuredmedia":[{"embeddable":true,"href":"https:\/\/podernacional.com\/index.php?rest_route=\/wp\/v2\/media\/9653"}],"wp:attachment":[{"href":"https:\/\/podernacional.com\/index.php?rest_route=%2Fwp%2Fv2%2Fmedia&parent=9651"}],"wp:term":[{"taxonomy":"category","embeddable":true,"href":"https:\/\/podernacional.com\/index.php?rest_route=%2Fwp%2Fv2%2Fcategories&post=9651"},{"taxonomy":"post_tag","embeddable":true,"href":"https:\/\/podernacional.com\/index.php?rest_route=%2Fwp%2Fv2%2Ftags&post=9651"}],"curies":[{"name":"wp","href":"https:\/\/api.w.org\/{rel}","templated":true}]}}