{"id":9654,"date":"2022-10-10T18:11:56","date_gmt":"2022-10-10T23:11:56","guid":{"rendered":"https:\/\/podernacional.com\/?p=9654"},"modified":"2022-10-10T23:11:58","modified_gmt":"2022-10-10T23:11:58","slug":"coachella-demanda-al-festival-de-musica-ghanes","status":"publish","type":"post","link":"https:\/\/podernacional.com\/?p=9654","title":{"rendered":"Coachella demanda al festival de m\u00fasica ghan\u00e9s"},"content":{"rendered":"<h4>Coachella y Goldenvoice est\u00e1n demandando a Afrochella por \u2018comerciar intencionalmente con la buena voluntad \u2018.<\/h4>\n<p>Coachella: Del cual est\u00e1 del renombrado nombre y las marcas registradas del festival.<\/p>\n<p>\u00bfAfrochella te recuerda a Coachella? Solo es natural.<\/p>\n<p>Ademas mencionan que cualquier nombre que incluya \u2018Chella\u2018 inevitablemente te recordar\u00e1 el nombre de este mega festival de m\u00fasica estadounidense.<\/p>\n<p>Por ende a lo largo de los a\u00f1os se ha consolidado como uno de los m\u00e1s conocidos y aclamados internacionalmente.<\/p>\n<p>Es para evitar tales confusiones o falsas asociaciones que las marcas recurren a la protecci\u00f3n de marca registrada.<\/p>\n<p>Ademas de estar, protegiendo con el registro del nombre, logo, y m\u00e1s, para asegurar legalmente la reputaci\u00f3n de la marca.<\/p>\n<p>Cuando se infringe la marca, hay demandas, que es exactamente lo que sucedi\u00f3 en este caso.<\/p>\n<p>El pasado 5 de octubre, The Coachellla Music Festival, LLC y su organizador Goldenvoice presentaron una demanda en un tribunal federal de California.<\/p>\n<p>Esto\u00a0contra el festival de m\u00fasica ghan\u00e9s Afrochella por presunta violaci\u00f3n de marca registrada.<\/p>\n<h4>En esta demanda, a la que Pitchfork tuvo acceso, se puede leer que Coachella afirm\u00f3 que Afrochella era:<\/h4>\n<p>\u201cComerciar intencionalmente con la buena voluntad de los bien conocidos festivales y marcas registradas COACHELLA y CHELLA [de Coachella y Goldenvoice]\u201d.<\/p>\n<p>\u201cEsto mediante la promoci\u00f3n activa de eventos musicales en los Estados Unidos y en Ghana usando la marca similar que confunde a \u2018AFROCHELLA\u2019\u201d.<\/p>\n<p>\u201cAdemas que al intentar de manera fraudulenta registrar los derechos reales de los Demandantes marcas registradas como propias\u201d.<\/p>\n<p>El festival Afrochella, que se lleva a cabo desde hace algunos a\u00f1os.<\/p>\n<p>Ademas que celebrar\u00e1 su edici\u00f3n 2022 del 28 al 29 de diciembre en el estadio El Wak de Accra, Ghana.<\/p>\n<p>Algunos de los artistas destacados en la alineaci\u00f3n son Burna Boy y Stonebwoy, as\u00ed como Ayra Starr, Fireboy DML y Black Sherif.<\/p>\n<p>Esta no es la primera vez que Coachella y Goldenvoice demandan a una entidad por infracci\u00f3n de marca registrada.<\/p>\n<p>El a\u00f1o pasado, Coachella y su organizador presentaron una demanda similar contra Live Nation Entertainment por infracci\u00f3n de marca contributiva.<\/p>\n<p>Esta demanda se origin\u00f3 por la organizaci\u00f3n y promoci\u00f3n del evento Coachella Day One 22, producido por Twenty-Nine Palms Band of Mission Indians.<\/p>\n","protected":false},"excerpt":{"rendered":"<p>Coachella y Goldenvoice est\u00e1n demandando a Afrochella por \u2018comerciar intencionalmente con la buena voluntad \u2018. Coachella: Del cual est\u00e1 del renombrado nombre y las marcas registradas del festival. \u00bfAfrochella te recuerda a Coachella? Solo es natural. Ademas mencionan que cualquier nombre que incluya \u2018Chella\u2018 inevitablemente te recordar\u00e1 el nombre de este mega festival de m\u00fasica [&hellip;]<\/p>\n","protected":false},"author":1,"featured_media":9656,"comment_status":"open","ping_status":"closed","sticky":false,"template":"","format":"standard","meta":{"footnotes":""},"categories":[4,5,9],"tags":[],"class_list":["post-9654","post","type-post","status-publish","format-standard","has-post-thumbnail","hentry","category-espectaculos","category-internacional","category-politica"],"_links":{"self":[{"href":"https:\/\/podernacional.com\/index.php?rest_route=\/wp\/v2\/posts\/9654","targetHints":{"allow":["GET"]}}],"collection":[{"href":"https:\/\/podernacional.com\/index.php?rest_route=\/wp\/v2\/posts"}],"about":[{"href":"https:\/\/podernacional.com\/index.php?rest_route=\/wp\/v2\/types\/post"}],"author":[{"embeddable":true,"href":"https:\/\/podernacional.com\/index.php?rest_route=\/wp\/v2\/users\/1"}],"replies":[{"embeddable":true,"href":"https:\/\/podernacional.com\/index.php?rest_route=%2Fwp%2Fv2%2Fcomments&post=9654"}],"version-history":[{"count":1,"href":"https:\/\/podernacional.com\/index.php?rest_route=\/wp\/v2\/posts\/9654\/revisions"}],"predecessor-version":[{"id":9655,"href":"https:\/\/podernacional.com\/index.php?rest_route=\/wp\/v2\/posts\/9654\/revisions\/9655"}],"wp:featuredmedia":[{"embeddable":true,"href":"https:\/\/podernacional.com\/index.php?rest_route=\/wp\/v2\/media\/9656"}],"wp:attachment":[{"href":"https:\/\/podernacional.com\/index.php?rest_route=%2Fwp%2Fv2%2Fmedia&parent=9654"}],"wp:term":[{"taxonomy":"category","embeddable":true,"href":"https:\/\/podernacional.com\/index.php?rest_route=%2Fwp%2Fv2%2Fcategories&post=9654"},{"taxonomy":"post_tag","embeddable":true,"href":"https:\/\/podernacional.com\/index.php?rest_route=%2Fwp%2Fv2%2Ftags&post=9654"}],"curies":[{"name":"wp","href":"https:\/\/api.w.org\/{rel}","templated":true}]}}