{"id":9669,"date":"2022-10-10T19:12:38","date_gmt":"2022-10-11T00:12:38","guid":{"rendered":"https:\/\/podernacional.com\/?p=9669"},"modified":"2022-10-11T00:12:40","modified_gmt":"2022-10-11T00:12:40","slug":"llegara-en-diciembre-a-cancun-el-international-boat-show","status":"publish","type":"post","link":"https:\/\/podernacional.com\/?p=9669","title":{"rendered":"Llegar\u00e1 en diciembre a Canc\u00fan el International Boat Show"},"content":{"rendered":"<h4>En esta edici\u00f3n del International Boat Show, que se har\u00e1 del 9 al 11 de diciembre.<\/h4>\n<p>International Boat Show: La cual se prev\u00e9 una afluencia de 10 mil a 15 mil personas.<\/p>\n<p>Con la intenci\u00f3n de impulsar el turismo n\u00e1utico e incentivar el crecimiento de marcas y productos de este sector.<\/p>\n<p>Esto ademas del 9 al 11 de diciembre del a\u00f1o en curso se llevar\u00e1 a cabo una edici\u00f3n m\u00e1s del Canc\u00fan International Boat Show.<\/p>\n<p>Steven Lorenzo, director general del evento, explic\u00f3 que es relevante para el turismo n\u00e1utico no s\u00f3lo de Canc\u00fan, sino de todo el pa\u00eds.<\/p>\n<p>Ademas que\u00a0puesto que est\u00e1n a la par de encuentros similares que se llevan a cabo tanto en M\u00f3naco como en Miami.<\/p>\n<p>El objetivo de este evento es tambi\u00e9n reunir a l\u00edderes de la industria n\u00e1utica con compradores potenciales.<\/p>\n<p>As\u00ed como atraer a familias a este tipo de actividades.<\/p>\n<p>\u201cVer c\u00f3mo promocionar y seguir creciendo esa industria, nuestro enfoque es el turismo n\u00e1utico y toda la infraestructura de la misma industria\u201d.<\/p>\n<h4>\u201cAl igual que desde motores, embarcaciones, accesorios, construcci\u00f3n, materiales, log\u00edstica\u201d.<\/h4>\n<p>Este evento se efectuar\u00e1 en Marina Puerto Canc\u00fan y en Gos Marina que en breve se dar\u00e1 a conocer.<\/p>\n<p>Ademas que en esta edici\u00f3n se prev\u00e9 una afluencia de 10 mil a 15 mil personas que tendr\u00e1n la oportunidad de ver yates de lujo.<\/p>\n<p>Al igual que de\u00a0embarcaciones de todo tipo, accesorios electr\u00f3nicos para buceo, pesca, y m\u00e1s.<\/p>\n<p>Detall\u00f3 que algunas atracciones tendr\u00e1n un costo, entre ellas el acceso a muelle con embarcaciones, una sala VIP y eventos privados.<\/p>\n<p>Mientras que la admisi\u00f3n general es gratis con derecho a la exposici\u00f3n y zona de demostraci\u00f3n por tiempo limitado.<\/p>\n<p>\u201cEstamos creciendo la industria, la estamos mejorando, que nuestros servicios sean mejores, m\u00e1s lujosos\u201d.<\/p>\n<p>As\u00ed como un invitando nuevas familias ya que al invitar a alguien que venga navegando de otro lado \u00e9ste es un turista ideal.<\/p>\n<p>\u201cAl igual que con una derrama econ\u00f3mica de 3 mil 500 d\u00f3lares diarios en todas las actividades y abastecimientos cuando est\u00e1n en puertos\u201d.<\/p>\n<p>De igual forma, en el marco de este evento internacional se realizar\u00e1 por primera vez en M\u00e9xico Europeanlife Luxury Week Canc\u00fan.<\/p>\n<p>Al igual que donde participar\u00e1n marcas de lujo, hoteles, gastronom\u00eda y boutiques, creando una burbuja de lujo para los m\u00e1s exigentes viajeros.<\/p>\n","protected":false},"excerpt":{"rendered":"<p>En esta edici\u00f3n del International Boat Show, que se har\u00e1 del 9 al 11 de diciembre. International Boat Show: La cual se prev\u00e9 una afluencia de 10 mil a 15 mil personas. Con la intenci\u00f3n de impulsar el turismo n\u00e1utico e incentivar el crecimiento de marcas y productos de este sector. Esto ademas del 9 [&hellip;]<\/p>\n","protected":false},"author":1,"featured_media":9671,"comment_status":"open","ping_status":"closed","sticky":false,"template":"","format":"standard","meta":{"footnotes":""},"categories":[6,10],"tags":[],"class_list":["post-9669","post","type-post","status-publish","format-standard","has-post-thumbnail","hentry","category-local","category-quintana-roo"],"_links":{"self":[{"href":"https:\/\/podernacional.com\/index.php?rest_route=\/wp\/v2\/posts\/9669","targetHints":{"allow":["GET"]}}],"collection":[{"href":"https:\/\/podernacional.com\/index.php?rest_route=\/wp\/v2\/posts"}],"about":[{"href":"https:\/\/podernacional.com\/index.php?rest_route=\/wp\/v2\/types\/post"}],"author":[{"embeddable":true,"href":"https:\/\/podernacional.com\/index.php?rest_route=\/wp\/v2\/users\/1"}],"replies":[{"embeddable":true,"href":"https:\/\/podernacional.com\/index.php?rest_route=%2Fwp%2Fv2%2Fcomments&post=9669"}],"version-history":[{"count":1,"href":"https:\/\/podernacional.com\/index.php?rest_route=\/wp\/v2\/posts\/9669\/revisions"}],"predecessor-version":[{"id":9670,"href":"https:\/\/podernacional.com\/index.php?rest_route=\/wp\/v2\/posts\/9669\/revisions\/9670"}],"wp:featuredmedia":[{"embeddable":true,"href":"https:\/\/podernacional.com\/index.php?rest_route=\/wp\/v2\/media\/9671"}],"wp:attachment":[{"href":"https:\/\/podernacional.com\/index.php?rest_route=%2Fwp%2Fv2%2Fmedia&parent=9669"}],"wp:term":[{"taxonomy":"category","embeddable":true,"href":"https:\/\/podernacional.com\/index.php?rest_route=%2Fwp%2Fv2%2Fcategories&post=9669"},{"taxonomy":"post_tag","embeddable":true,"href":"https:\/\/podernacional.com\/index.php?rest_route=%2Fwp%2Fv2%2Ftags&post=9669"}],"curies":[{"name":"wp","href":"https:\/\/api.w.org\/{rel}","templated":true}]}}