{"id":9672,"date":"2022-10-10T19:17:29","date_gmt":"2022-10-11T00:17:29","guid":{"rendered":"https:\/\/podernacional.com\/?p=9672"},"modified":"2022-10-11T00:17:32","modified_gmt":"2022-10-11T00:17:32","slug":"en-zacatecas-imss-construira-centro-de-biomedicina-molecular","status":"publish","type":"post","link":"https:\/\/podernacional.com\/?p=9672","title":{"rendered":"En Zacatecas, IMSS construir\u00e1 Centro de Biomedicina Molecular"},"content":{"rendered":"<h4>El Instituto Mexicano del Seguro Social (IMSS) construir\u00e1 en Zacatecas el Centro de Investigaci\u00f3n en Biomedicina Molecular.<\/h4>\n<p>Centro de Biomedicina Molecular: Ademas que luego de que su Consejo T\u00e9cnico aprob\u00f3 el proyecto:<\/p>\n<p>\u201cQue ser\u00e1 pionero por su alta tecnolog\u00eda, contar\u00e1 infraestructura para actividades cient\u00edficas y de innovaci\u00f3n\u201d.<\/p>\n<p>\u201cAl igual que la\u00a0formaci\u00f3n de recursos humanos de calidad y generaci\u00f3n de patentes\u201d.<\/p>\n<p>El Seguro Social prev\u00e9 que esta obra se construya en 26 meses con una inversi\u00f3n de alrededor de 161 millones de pesos (incluido el equipamiento).<\/p>\n<p>Su ubicaci\u00f3n ser\u00e1 en el Parque de Ciencia y Tecnolog\u00eda.<\/p>\n<p>As\u00ed como \u00a0en\u00a0un terreno de 2 mil 321 metros cuadrados donado por el Consejo Zacatecano de Ciencia, Tecnolog\u00eda e Innovaci\u00f3n.<\/p>\n<p>En un comunicado, se inform\u00f3 que Borsalino Gonz\u00e1lez Andrade \u2013director de administraci\u00f3n del IMSS\u2013.<\/p>\n<p>Al que destac\u00f3 que este proyecto es parte de las prioridades en infraestructura para 2022.<\/p>\n<h4>Ademas que a fin de aumentar la disponibilidad y oportunidad en la mejora de los servicios m\u00e9dicos.<\/h4>\n<p>Al respecto, declar\u00f3 que \u201clas ventajas de este proyecto, entre otras, es la capacidad para incrementar 60 mil 600 pruebas diagn\u00f3sticas al a\u00f1o\u201d.<\/p>\n<p>\u201cSe\u00a0contar\u00eda con un nuevo laboratorio para casos de exigencia que se presentan en pandemias\u201d.<\/p>\n<p>\u201cAdemas que se crear\u00e1n redes de colaboraci\u00f3n estatal e internacional y que permitir\u00e1 incrementar un aproximado de 50 publicaciones cient\u00edficas anuales\u201d.<\/p>\n<p>Asimismo, detall\u00f3 que en ese centro se desarrollar\u00e1n estudios en tuberculosis, Covid-19, influenza y diagn\u00f3stico a enfermedades respiratorias infecciosas.<\/p>\n<p>Ademas que\u00a0contar\u00e1 con oficinas para investigadores, \u00e1reas administrativas, para unidades de instrumentaci\u00f3n especializada en citometr\u00eda de flujo.<\/p>\n<p>As\u00ed mismo en\u00a0microscop\u00eda confocal de fluoresencia, PCR y biolog\u00eda molecular, as\u00ed como microarreglos de DNA y prote\u00ednas, entre otros.<\/p>\n<p>Gonz\u00e1lez Andrade se\u00f1al\u00f3 que con esta nueva infraestructura se lograr\u00e1 modernizar los servicios para otorgar consulta especializada.<\/p>\n<p>Esto para pacientes con tuberculosis y diabetes mellitus mediante protocolos de investigaci\u00f3n.<\/p>\n","protected":false},"excerpt":{"rendered":"<p>El Instituto Mexicano del Seguro Social (IMSS) construir\u00e1 en Zacatecas el Centro de Investigaci\u00f3n en Biomedicina Molecular. Centro de Biomedicina Molecular: Ademas que luego de que su Consejo T\u00e9cnico aprob\u00f3 el proyecto: \u201cQue ser\u00e1 pionero por su alta tecnolog\u00eda, contar\u00e1 infraestructura para actividades cient\u00edficas y de innovaci\u00f3n\u201d. \u201cAl igual que la\u00a0formaci\u00f3n de recursos humanos de [&hellip;]<\/p>\n","protected":false},"author":1,"featured_media":9674,"comment_status":"open","ping_status":"closed","sticky":false,"template":"","format":"standard","meta":{"footnotes":""},"categories":[7,11,13],"tags":[],"class_list":["post-9672","post","type-post","status-publish","format-standard","has-post-thumbnail","hentry","category-nacional","category-salud","category-tecnologia"],"_links":{"self":[{"href":"https:\/\/podernacional.com\/index.php?rest_route=\/wp\/v2\/posts\/9672","targetHints":{"allow":["GET"]}}],"collection":[{"href":"https:\/\/podernacional.com\/index.php?rest_route=\/wp\/v2\/posts"}],"about":[{"href":"https:\/\/podernacional.com\/index.php?rest_route=\/wp\/v2\/types\/post"}],"author":[{"embeddable":true,"href":"https:\/\/podernacional.com\/index.php?rest_route=\/wp\/v2\/users\/1"}],"replies":[{"embeddable":true,"href":"https:\/\/podernacional.com\/index.php?rest_route=%2Fwp%2Fv2%2Fcomments&post=9672"}],"version-history":[{"count":1,"href":"https:\/\/podernacional.com\/index.php?rest_route=\/wp\/v2\/posts\/9672\/revisions"}],"predecessor-version":[{"id":9673,"href":"https:\/\/podernacional.com\/index.php?rest_route=\/wp\/v2\/posts\/9672\/revisions\/9673"}],"wp:featuredmedia":[{"embeddable":true,"href":"https:\/\/podernacional.com\/index.php?rest_route=\/wp\/v2\/media\/9674"}],"wp:attachment":[{"href":"https:\/\/podernacional.com\/index.php?rest_route=%2Fwp%2Fv2%2Fmedia&parent=9672"}],"wp:term":[{"taxonomy":"category","embeddable":true,"href":"https:\/\/podernacional.com\/index.php?rest_route=%2Fwp%2Fv2%2Fcategories&post=9672"},{"taxonomy":"post_tag","embeddable":true,"href":"https:\/\/podernacional.com\/index.php?rest_route=%2Fwp%2Fv2%2Ftags&post=9672"}],"curies":[{"name":"wp","href":"https:\/\/api.w.org\/{rel}","templated":true}]}}