{"id":9726,"date":"2022-10-12T19:15:11","date_gmt":"2022-10-13T00:15:11","guid":{"rendered":"https:\/\/podernacional.com\/?p=9726"},"modified":"2022-10-13T00:15:13","modified_gmt":"2022-10-13T00:15:13","slug":"ops-participa-en-reunion-de-la-asociacion-internacional-de-institutos-nacionales-de-salud","status":"publish","type":"post","link":"https:\/\/podernacional.com\/?p=9726","title":{"rendered":"OPS participa en reuni\u00f3n de la Asociaci\u00f3n Internacional de Institutos Nacionales de Salud."},"content":{"rendered":"<h4>Esto con la finalidad de\u00a0discutir los principales desaf\u00edos de salud en la actualidad<\/h4>\n<p>Asociaci\u00f3n Internacional: Por ende, Nueve pa\u00edses de las Am\u00e9ricas se re\u00fanen para discutir los principales desaf\u00edos de salud en la actualidad<\/p>\n<p>Cuernavaca, Morelos.\u00a0Octubre de 2022 &#8211; A fin de analizar y discutir algunos de los principales desaf\u00edos que enfrentan sus pa\u00edses en la actualidad.<\/p>\n<p>As\u00ed como las perspectivas futuras de colaboraci\u00f3n, representantes de nueve pa\u00edses de las Am\u00e9ricas se dieron cita en la reuni\u00f3n anual.<\/p>\n<p>Esto\u00a0de la Red Latinoamericana de la Asociaci\u00f3n Internacional de Institutos Nacionales de Salud (<a href=\"https:\/\/www.ianphi.org\/\">IANPHI<\/a>, por sus siglas en ingl\u00e9s).<\/p>\n<p>Ademas que se llev\u00f3 a cabo del 5 al 8 de octubre en las instalaciones del Instituto Nacional de Salud P\u00fablica (INSP) en Cuernavaca.<\/p>\n<p>En su mensaje, el Dr. Juan Manuel Sotelo, Director del Programa Subregional para Centroam\u00e9rica.<\/p>\n<p>As\u00ed mismo como de la\u00a0Rep\u00fablica Dominicana de la Organizaci\u00f3n Panamericana de la Salud (CAM).<\/p>\n<p>Por ende se\u00a0destac\u00f3 que la participaci\u00f3n de OPS, particularmente de los programas subregionales CAM y para Am\u00e9rica del Sur (SAM).<\/p>\n<p>Ademas que garantiza que los niveles sub-regionales.<\/p>\n<p>Al igual que\u00a0de pa\u00eds se integren en una cooperaci\u00f3n novedosa con la Red de Institutos Nacionales de Salud de Latinoam\u00e9rica.<\/p>\n<p>As\u00ed como\u00a0el Caribe a favor de la equidad en salud.<\/p>\n<p>OPS participa en reuni\u00f3n de la Asociaci\u00f3n Internacional de Institutos Nacionales de Salud.<\/p>\n","protected":false},"excerpt":{"rendered":"<p>Esto con la finalidad de\u00a0discutir los principales desaf\u00edos de salud en la actualidad Asociaci\u00f3n Internacional: Por ende, Nueve pa\u00edses de las Am\u00e9ricas se re\u00fanen para discutir los principales desaf\u00edos de salud en la actualidad Cuernavaca, Morelos.\u00a0Octubre de 2022 &#8211; A fin de analizar y discutir algunos de los principales desaf\u00edos que enfrentan sus pa\u00edses en [&hellip;]<\/p>\n","protected":false},"author":1,"featured_media":9728,"comment_status":"open","ping_status":"closed","sticky":false,"template":"","format":"standard","meta":{"footnotes":""},"categories":[5,11],"tags":[],"class_list":["post-9726","post","type-post","status-publish","format-standard","has-post-thumbnail","hentry","category-internacional","category-salud"],"_links":{"self":[{"href":"https:\/\/podernacional.com\/index.php?rest_route=\/wp\/v2\/posts\/9726","targetHints":{"allow":["GET"]}}],"collection":[{"href":"https:\/\/podernacional.com\/index.php?rest_route=\/wp\/v2\/posts"}],"about":[{"href":"https:\/\/podernacional.com\/index.php?rest_route=\/wp\/v2\/types\/post"}],"author":[{"embeddable":true,"href":"https:\/\/podernacional.com\/index.php?rest_route=\/wp\/v2\/users\/1"}],"replies":[{"embeddable":true,"href":"https:\/\/podernacional.com\/index.php?rest_route=%2Fwp%2Fv2%2Fcomments&post=9726"}],"version-history":[{"count":1,"href":"https:\/\/podernacional.com\/index.php?rest_route=\/wp\/v2\/posts\/9726\/revisions"}],"predecessor-version":[{"id":9727,"href":"https:\/\/podernacional.com\/index.php?rest_route=\/wp\/v2\/posts\/9726\/revisions\/9727"}],"wp:featuredmedia":[{"embeddable":true,"href":"https:\/\/podernacional.com\/index.php?rest_route=\/wp\/v2\/media\/9728"}],"wp:attachment":[{"href":"https:\/\/podernacional.com\/index.php?rest_route=%2Fwp%2Fv2%2Fmedia&parent=9726"}],"wp:term":[{"taxonomy":"category","embeddable":true,"href":"https:\/\/podernacional.com\/index.php?rest_route=%2Fwp%2Fv2%2Fcategories&post=9726"},{"taxonomy":"post_tag","embeddable":true,"href":"https:\/\/podernacional.com\/index.php?rest_route=%2Fwp%2Fv2%2Ftags&post=9726"}],"curies":[{"name":"wp","href":"https:\/\/api.w.org\/{rel}","templated":true}]}}