{"id":9735,"date":"2022-10-12T20:06:11","date_gmt":"2022-10-13T01:06:11","guid":{"rendered":"https:\/\/podernacional.com\/?p=9735"},"modified":"2022-10-13T01:06:13","modified_gmt":"2022-10-13T01:06:13","slug":"entrega-mexico-a-ecuador-y-el-salvador-piezas-prehispanicas-donadas-en-eua","status":"publish","type":"post","link":"https:\/\/podernacional.com\/?p=9735","title":{"rendered":"Entrega M\u00e9xico a Ecuador y El Salvador piezas prehisp\u00e1nicas donadas en EUA"},"content":{"rendered":"<h4>El Instituto Nacional Antropolog\u00eda e Historia (INAH) mostr\u00f3 piezas arqueol\u00f3gicas recuperadas.<\/h4>\n<p>Piezas prehisp\u00e1nicas: El Gobierno de M\u00e9xico entreg\u00f3 este mi\u00e9rcoles en la sede del Consulado General de Los \u00c1ngeles (Estados Unidos).<\/p>\n<p>Con esto en piezas arqueol\u00f3gicas originarias de Ecuador y El Salvador, identificadas por la Secretar\u00eda de Cultura.<\/p>\n<p>En un comunicado conjunto emitido por las Secretar\u00edas de Cultura (SC) y Relaciones Exteriores (SRE).<\/p>\n<p>Por ende, se inform\u00f3 que tras el dictamen realizado por especialistas del Instituto Nacional Antropolog\u00eda e Historia (INAH):<\/p>\n<p>\u201cSe determin\u00f3 que 83 piezas pertenec\u00edan al patrimonio mexicano: 79 de car\u00e1cter arqueol\u00f3gico, 2 paleontol\u00f3gicas y 2 del periodo colonial\u201d.<\/p>\n<p>\u201cTodas ellas ya fueron repatriadas al pa\u00eds el pasado 17 de agosto\u201d (Piezas prehisp\u00e1nicas).<\/p>\n<p>El an\u00e1lisis especific\u00f3 tambi\u00e9n que en el conjunto de obra se encontraban 12 piezas originarias de culturas de El Salvador y 3 piezas de Ecuador.<\/p>\n<p>Debido a ello, con la presencia v\u00eda remota de diplom\u00e1ticos de El Salvador y Ecuador en Los \u00c1ngeles.<\/p>\n<p>As\u00ed como a las familias poseedoras de las piezas, Rashel Merenes y Bill Lewis.<\/p>\n<p>Con esto se firmaron las actas para esta entrega, en las que la c\u00f3nsul general, Marcela Celorio, fungi\u00f3 como testigo de honor.<\/p>\n<p>Celorio destac\u00f3 la labor del Gobierno, a trav\u00e9s de sus instituciones culturales y sus representaciones diplom\u00e1ticas:<\/p>\n<h4>\u201cPara la restituci\u00f3n del patrimonio hist\u00f3rico y art\u00edstico a M\u00e9xico\u201d.<\/h4>\n<p>\u201cAs\u00ed como la constante colaboraci\u00f3n con pa\u00edses hermanos en el marco de los acuerdos en la materia y esfuerzos conjuntos para el rescate patrimonial\u201d.<\/p>\n<p>La pol\u00edtica de restituci\u00f3n de piezas del patrimonio cultural mexicano ha recibido reconocimiento internacional.<\/p>\n<p>Ademas que fue uno de los temas centrales dentro de la Conferencia Mundial sobre Pol\u00edticas Culturales y Desarrollo Sostenible (Mondiacult) 2022.<\/p>\n<p>Mondiacult, que se llev\u00f3 a cabo del 28-30 de septiembre en Ciudad de M\u00e9xico, fue convocada por la Unesco y el Gobierno de M\u00e9xico.<\/p>\n<p>As\u00ed como de 40 a\u00f1os despu\u00e9s de su primera edici\u00f3n, celebrada en territorio nacional en 1982.<\/p>\n<p>En lo que va de la Administraci\u00f3n de Andr\u00e9s Manuel L\u00f3pez Obrador, el Gobierno Federal ha recuperado del extranjero alrededor de 9 mil piezas.<\/p>\n<p>Las que considera patrimonio nacional, pues el presidente ha priorizado esta acci\u00f3n desde que asumi\u00f3 en diciembre de 2018.<\/p>\n<p>Aunque no siempre con \u00e9xito, el Gobierno ha combatido subastas en ciudades como Nueva York, Par\u00eds y Roma.<\/p>\n<p>As\u00ed como en las que aparecen objetos robados o que pertenecen al patrimonio de M\u00e9xico.<\/p>\n<p>Ademas que ha intensificado demandas ante gobiernos extranjeros para recuperar piezas arqueol\u00f3gicas y art\u00edsticas.<\/p>\n","protected":false},"excerpt":{"rendered":"<p>El Instituto Nacional Antropolog\u00eda e Historia (INAH) mostr\u00f3 piezas arqueol\u00f3gicas recuperadas. Piezas prehisp\u00e1nicas: El Gobierno de M\u00e9xico entreg\u00f3 este mi\u00e9rcoles en la sede del Consulado General de Los \u00c1ngeles (Estados Unidos). Con esto en piezas arqueol\u00f3gicas originarias de Ecuador y El Salvador, identificadas por la Secretar\u00eda de Cultura. En un comunicado conjunto emitido por las [&hellip;]<\/p>\n","protected":false},"author":1,"featured_media":9737,"comment_status":"open","ping_status":"closed","sticky":false,"template":"","format":"standard","meta":{"footnotes":""},"categories":[2,4,5,7],"tags":[],"class_list":["post-9735","post","type-post","status-publish","format-standard","has-post-thumbnail","hentry","category-cultural","category-espectaculos","category-internacional","category-nacional"],"_links":{"self":[{"href":"https:\/\/podernacional.com\/index.php?rest_route=\/wp\/v2\/posts\/9735","targetHints":{"allow":["GET"]}}],"collection":[{"href":"https:\/\/podernacional.com\/index.php?rest_route=\/wp\/v2\/posts"}],"about":[{"href":"https:\/\/podernacional.com\/index.php?rest_route=\/wp\/v2\/types\/post"}],"author":[{"embeddable":true,"href":"https:\/\/podernacional.com\/index.php?rest_route=\/wp\/v2\/users\/1"}],"replies":[{"embeddable":true,"href":"https:\/\/podernacional.com\/index.php?rest_route=%2Fwp%2Fv2%2Fcomments&post=9735"}],"version-history":[{"count":1,"href":"https:\/\/podernacional.com\/index.php?rest_route=\/wp\/v2\/posts\/9735\/revisions"}],"predecessor-version":[{"id":9736,"href":"https:\/\/podernacional.com\/index.php?rest_route=\/wp\/v2\/posts\/9735\/revisions\/9736"}],"wp:featuredmedia":[{"embeddable":true,"href":"https:\/\/podernacional.com\/index.php?rest_route=\/wp\/v2\/media\/9737"}],"wp:attachment":[{"href":"https:\/\/podernacional.com\/index.php?rest_route=%2Fwp%2Fv2%2Fmedia&parent=9735"}],"wp:term":[{"taxonomy":"category","embeddable":true,"href":"https:\/\/podernacional.com\/index.php?rest_route=%2Fwp%2Fv2%2Fcategories&post=9735"},{"taxonomy":"post_tag","embeddable":true,"href":"https:\/\/podernacional.com\/index.php?rest_route=%2Fwp%2Fv2%2Ftags&post=9735"}],"curies":[{"name":"wp","href":"https:\/\/api.w.org\/{rel}","templated":true}]}}