{"id":9801,"date":"2022-10-14T18:00:42","date_gmt":"2022-10-14T23:00:42","guid":{"rendered":"https:\/\/podernacional.com\/?p=9801"},"modified":"2022-10-14T23:00:44","modified_gmt":"2022-10-14T23:00:44","slug":"eu-y-mexico-se-comprometen-a-aumentar-inversion-en-salud-y-seguridad","status":"publish","type":"post","link":"https:\/\/podernacional.com\/?p=9801","title":{"rendered":"EU y M\u00e9xico se comprometen a aumentar inversi\u00f3n en salud y seguridad"},"content":{"rendered":"<h4>EE.UU. y M\u00e9xico sostuvieron este jueves en Washington el Di\u00e1logo de Alto Nivel de Seguridad para evaluar la implementaci\u00f3n<\/h4>\n<p>Inversi\u00f3n en salud y seguridad: Estados Unidos y M\u00e9xico se comprometieron a aumentar la inversi\u00f3n en salud p\u00fablica y en seguridad para abordar el tr\u00e1fico de drogas.<\/p>\n<p>As\u00ed mismo como\u00a0la crisis de opi\u00e1ceos y el contrabando de armas en la frontera com\u00fan, si bien no detallaron cifras concretas de inversi\u00f3n.<\/p>\n<p>En un comunicado conjunto, difundido este viernes por la Casa Blanca.<\/p>\n<p>Ademas que informaron que durante la reuni\u00f3n de alto nivel sobre seguridad celebrada ayer en Washington acordaron tambi\u00e9n:<\/p>\n<p>\u00abImplementar un plan de acci\u00f3n\u00bb para frenar el consumo de fentanilo.<\/p>\n<p>En el encuentro, presidido por el secretario de Estado estadounidense, Antony Blinken, y el canciller mexicano, Marcelo Ebrard.<\/p>\n<p>Al igual que\u00a0decidieron ampliar la \u00abinversi\u00f3n en las instituciones de salud p\u00fablica, seguridad, derechos humanos y justicia\u00bb, detall\u00f3 el comunicado.<\/p>\n<p>Tambi\u00e9n se comprometieron a \u00abfrenar el consumo y tr\u00e1fico de drogas sint\u00e9ticas, espec\u00edficamente el fentanilo y la metanfetamina\u00bb.<\/p>\n<p>Ademas que\u00a0algo que preocupa mucho a Washington, y firmaron un memor\u00e1ndum para intercambiar informaci\u00f3n sobre la importaci\u00f3n de productos qu\u00edmicos.<\/p>\n<h4>Adem\u00e1s del tema de las drogas, EE.UU. y M\u00e9xico pactaron la elaboraci\u00f3n de un informe conjunto para:<\/h4>\n<p>\u00abidentificar rutas, organizaciones y t\u00e1cticas utilizadas para traficar armas\u00bb, un fen\u00f3meno que preocupa al Gobierno mexicano.<\/p>\n<p>Tambi\u00e9n en materia de seguridad, se comprometieron a \u00abreducir la impunidad de los homicidios y delitos de alto impacto\u00bb.<\/p>\n<p>Al igual que\u00a0incrementar el n\u00famero de investigadores para perseguir delitos, y compartir informaci\u00f3n de ciberseguridad.<\/p>\n<p>EE.UU. y M\u00e9xico sostuvieron este jueves en Washington el Di\u00e1logo de Alto Nivel de Seguridad para evaluar la implementaci\u00f3n.<\/p>\n<p>Esto\u00a0desde hace un a\u00f1o del Entendimiento Bicentenario, la nueva estrategia integral de seguridad entre ambos pa\u00edses que sustituye a la Iniciativa M\u00e9rida.<\/p>\n<p>En el comunicado conjunto, destacaron que durante este primer a\u00f1o de Entendimiento Bicentenario, EE.UU.<\/p>\n<p>Ademas que ha invertido m\u00e1s de 25 millones de d\u00f3lares en tratamientos de adicciones.<\/p>\n<p>Al igual que\u00a0ha confiscado m\u00e1s de 20 millones de p\u00edldoras, como parte de la estrategia contra las drogas.<\/p>\n<p>Sobre el tr\u00e1fico de armas, M\u00e9xico ha incautado desde 2019 m\u00e1s de 32.000 armas y 17 millones de cartuchos provenientes de Estados Unidos.<\/p>\n<p>Sin embargo, admitieron que casi 108.000 personas murieron el a\u00f1o pasado en EE.UU. por sobredosis.<\/p>\n<p>As\u00ed mismo\u00a0que las armas que cruzan la frontera \u00abcontin\u00faan generando altos niveles de violencia\u00bb en M\u00e9xico.<\/p>\n<h4>Adem\u00e1s de Blinken y Ebrard, participaron en la reuni\u00f3n el secretario de Seguridad Nacional de Estados Unidos, Alejandro Mayorkas.<\/h4>\n<p>Ademas de\u00a0la secretaria mexicana de Seguridad, Rosa Icela Rodr\u00edguez.<\/p>\n<p>As\u00ed como a los fiscales generales de Estados Unidos y de M\u00e9xico, Merrick Garland y Alejandro Gertz Manero, respectivamente.<\/p>\n<p>Tambi\u00e9n el secretario mexicano de Defensa, Luis Cresencio Sandoval; el secretario mexicano de Marina, Rafael Ojeda.<\/p>\n<p>As\u00ed mismo con\u00a0el responsable del Instituto Mexicano de Migraci\u00f3n, Francisco Gardu\u00f1o.<\/p>\n<p>Al igual que\u00a0la administradora de la Agencia de los Estados Unidos para el Desarrollo (Usaid), Samantha Power.<\/p>\n","protected":false},"excerpt":{"rendered":"<p>EE.UU. y M\u00e9xico sostuvieron este jueves en Washington el Di\u00e1logo de Alto Nivel de Seguridad para evaluar la implementaci\u00f3n Inversi\u00f3n en salud y seguridad: Estados Unidos y M\u00e9xico se comprometieron a aumentar la inversi\u00f3n en salud p\u00fablica y en seguridad para abordar el tr\u00e1fico de drogas. As\u00ed mismo como\u00a0la crisis de opi\u00e1ceos y el contrabando [&hellip;]<\/p>\n","protected":false},"author":1,"featured_media":9803,"comment_status":"open","ping_status":"closed","sticky":false,"template":"","format":"standard","meta":{"footnotes":""},"categories":[7,9,11,13],"tags":[],"class_list":["post-9801","post","type-post","status-publish","format-standard","has-post-thumbnail","hentry","category-nacional","category-politica","category-salud","category-tecnologia"],"_links":{"self":[{"href":"https:\/\/podernacional.com\/index.php?rest_route=\/wp\/v2\/posts\/9801","targetHints":{"allow":["GET"]}}],"collection":[{"href":"https:\/\/podernacional.com\/index.php?rest_route=\/wp\/v2\/posts"}],"about":[{"href":"https:\/\/podernacional.com\/index.php?rest_route=\/wp\/v2\/types\/post"}],"author":[{"embeddable":true,"href":"https:\/\/podernacional.com\/index.php?rest_route=\/wp\/v2\/users\/1"}],"replies":[{"embeddable":true,"href":"https:\/\/podernacional.com\/index.php?rest_route=%2Fwp%2Fv2%2Fcomments&post=9801"}],"version-history":[{"count":1,"href":"https:\/\/podernacional.com\/index.php?rest_route=\/wp\/v2\/posts\/9801\/revisions"}],"predecessor-version":[{"id":9802,"href":"https:\/\/podernacional.com\/index.php?rest_route=\/wp\/v2\/posts\/9801\/revisions\/9802"}],"wp:featuredmedia":[{"embeddable":true,"href":"https:\/\/podernacional.com\/index.php?rest_route=\/wp\/v2\/media\/9803"}],"wp:attachment":[{"href":"https:\/\/podernacional.com\/index.php?rest_route=%2Fwp%2Fv2%2Fmedia&parent=9801"}],"wp:term":[{"taxonomy":"category","embeddable":true,"href":"https:\/\/podernacional.com\/index.php?rest_route=%2Fwp%2Fv2%2Fcategories&post=9801"},{"taxonomy":"post_tag","embeddable":true,"href":"https:\/\/podernacional.com\/index.php?rest_route=%2Fwp%2Fv2%2Ftags&post=9801"}],"curies":[{"name":"wp","href":"https:\/\/api.w.org\/{rel}","templated":true}]}}