{"id":9804,"date":"2022-10-14T18:12:07","date_gmt":"2022-10-14T23:12:07","guid":{"rendered":"https:\/\/podernacional.com\/?p=9804"},"modified":"2022-10-14T23:12:09","modified_gmt":"2022-10-14T23:12:09","slug":"presentan-en-mexico-plan-para-proteger-lenguas-indigenas","status":"publish","type":"post","link":"https:\/\/podernacional.com\/?p=9804","title":{"rendered":"Presentan en M\u00e9xico plan para proteger lenguas ind\u00edgenas"},"content":{"rendered":"<h4>El plan recoge 50 puntos clave que la poblaci\u00f3n hablante de lenguas ind\u00edgenas considera imprescindible que se implementen<\/h4>\n<p>Plan para proteger lenguas ind\u00edgenas: Hablantes de lenguas ind\u00edgenas presentaron a miembros del Ejecutivo mexicano este viernes un plan para proteger las decenas de lenguas ind\u00edgenas.<\/p>\n<p>De las\u00a0que se hablan en el pa\u00eds y que durante siglos fueron denostadas.<\/p>\n<p>El plan se present\u00f3 durante la segunda Jornada Nacional por la Reconstrucci\u00f3n Ling\u00fc\u00edstica.<\/p>\n<p>Ademas que\u00a0en la que participan hablantes de 48 lenguas que pertenecen a 24 estados del pa\u00eds,.<\/p>\n<p>Adem\u00e1s del Instituto Nacional de Lenguas Ind\u00edgenas (Inali).<\/p>\n<p>Al igual\u00a0que se celebra en la Ciudad de M\u00e9xico para dialogar sobre la planificaci\u00f3n ling\u00fc\u00edstica.<\/p>\n<p>Por ende,\u00a0los planes de la comunidad ind\u00edgena y de las autoridades.<\/p>\n<p>El plan recoge 50 puntos clave que la poblaci\u00f3n hablante de lenguas ind\u00edgenas considera imprescindible que se implementen.<\/p>\n<p>Entre ellos est\u00e1n la creaci\u00f3n de consejos t\u00e9cnicos regionales (cinco regiones ling\u00fc\u00edsticas) para articular y servir como puente con las autoridades.<\/p>\n<p>As\u00ed como la creaci\u00f3n de un consejo t\u00e9cnico nacional, la implementaci\u00f3n de un observatorio ling\u00fc\u00edstico, la creaci\u00f3n de materiales did\u00e1cticos biling\u00fces.<\/p>\n<h4>Asimismo, el impulso de lenguas ind\u00edgenas en medios de comunicaci\u00f3n, estimular la difusi\u00f3n de materiales de lectura.<\/h4>\n<p>As\u00ed como la promoci\u00f3n de se\u00f1al\u00e9tica en lenguas ind\u00edgenas, entre muchas otras medidas.<\/p>\n<p>El director general del Inali, Juan Gregorio Regino, quien presidi\u00f3 el evento, asegur\u00f3 que con esta jornada.<\/p>\n<p>Ademas de la presentaci\u00f3n del plan se inaugura un \u00abnuevo marco con nuevos modelos donde los pueblos ind\u00edgenas tengan la centralidad de las acciones\u00bb.<\/p>\n<p>\u00abEste protocolo tambi\u00e9n inspira a que realicemos otros protocolos que demuestran que somos una naci\u00f3n pluricultural\u201d.<\/p>\n<p>\u201cEn todos los foros oficiales deber\u00eda escucharse la voz de los pueblos ind\u00edgenas\u00bb, a\u00f1adi\u00f3.<\/p>\n<p>Los representantes de pueblos ind\u00edgenas insistieron en que el objetivo es que el plan contin\u00fae adelante y se transforme en acciones contundentes.<\/p>\n<p>En M\u00e9xico, seg\u00fan expusieron, existen m\u00e1s de 300 lenguas ind\u00edgenas agrupadas en 68 familias ling\u00fc\u00edsticas, m\u00e1s de 7 millones de personas hablan alguna de ellas.<\/p>\n<h4>En 2020, el Gobierno de M\u00e9xico y la Unesco impulsaron la Declaraci\u00f3n de los Pinos (o Declaraci\u00f3n de Chapoltepek).<\/h4>\n<p>Al igual\u00a0en la que se plantearon una serie de acciones para las lenguas ind\u00edgenas para los siguientes 10 a\u00f1os.<\/p>\n<p>El documento se basa en el lema \u201cNada para nosotros sin nosotros\u201d, que fue publicado por la Unesco junto a las secretar\u00edas de Cultura.<\/p>\n<p>As\u00ed mismo como\u00a0de Relaciones Exteriores de M\u00e9xico.<\/p>\n<p>Ademas que incluye gu\u00edas para desarrollar el Plan de Acci\u00f3n Mundial para el Decenio Internacional de las Lenguas Ind\u00edgenas (2022-2032).<\/p>\n<p>Esto\u00a0proclamado por la Asamblea General de las Naciones Unidas en diciembre de 2019.<\/p>\n","protected":false},"excerpt":{"rendered":"<p>El plan recoge 50 puntos clave que la poblaci\u00f3n hablante de lenguas ind\u00edgenas considera imprescindible que se implementen Plan para proteger lenguas ind\u00edgenas: Hablantes de lenguas ind\u00edgenas presentaron a miembros del Ejecutivo mexicano este viernes un plan para proteger las decenas de lenguas ind\u00edgenas. De las\u00a0que se hablan en el pa\u00eds y que durante siglos [&hellip;]<\/p>\n","protected":false},"author":1,"featured_media":9806,"comment_status":"open","ping_status":"closed","sticky":false,"template":"","format":"standard","meta":{"footnotes":""},"categories":[2,7],"tags":[],"class_list":["post-9804","post","type-post","status-publish","format-standard","has-post-thumbnail","hentry","category-cultural","category-nacional"],"_links":{"self":[{"href":"https:\/\/podernacional.com\/index.php?rest_route=\/wp\/v2\/posts\/9804","targetHints":{"allow":["GET"]}}],"collection":[{"href":"https:\/\/podernacional.com\/index.php?rest_route=\/wp\/v2\/posts"}],"about":[{"href":"https:\/\/podernacional.com\/index.php?rest_route=\/wp\/v2\/types\/post"}],"author":[{"embeddable":true,"href":"https:\/\/podernacional.com\/index.php?rest_route=\/wp\/v2\/users\/1"}],"replies":[{"embeddable":true,"href":"https:\/\/podernacional.com\/index.php?rest_route=%2Fwp%2Fv2%2Fcomments&post=9804"}],"version-history":[{"count":1,"href":"https:\/\/podernacional.com\/index.php?rest_route=\/wp\/v2\/posts\/9804\/revisions"}],"predecessor-version":[{"id":9805,"href":"https:\/\/podernacional.com\/index.php?rest_route=\/wp\/v2\/posts\/9804\/revisions\/9805"}],"wp:featuredmedia":[{"embeddable":true,"href":"https:\/\/podernacional.com\/index.php?rest_route=\/wp\/v2\/media\/9806"}],"wp:attachment":[{"href":"https:\/\/podernacional.com\/index.php?rest_route=%2Fwp%2Fv2%2Fmedia&parent=9804"}],"wp:term":[{"taxonomy":"category","embeddable":true,"href":"https:\/\/podernacional.com\/index.php?rest_route=%2Fwp%2Fv2%2Fcategories&post=9804"},{"taxonomy":"post_tag","embeddable":true,"href":"https:\/\/podernacional.com\/index.php?rest_route=%2Fwp%2Fv2%2Ftags&post=9804"}],"curies":[{"name":"wp","href":"https:\/\/api.w.org\/{rel}","templated":true}]}}