{"id":9822,"date":"2022-10-17T20:01:27","date_gmt":"2022-10-18T01:01:27","guid":{"rendered":"https:\/\/podernacional.com\/?p=9822"},"modified":"2022-10-18T01:01:30","modified_gmt":"2022-10-18T01:01:30","slug":"arranca-el-cancun-travel-mart-el-encuentro-de-negocios-mas-importante-del-caribe","status":"publish","type":"post","link":"https:\/\/podernacional.com\/?p=9822","title":{"rendered":"Arranca el Canc\u00fan Travel Mart, el encuentro de negocios m\u00e1s importante del Caribe"},"content":{"rendered":"<h4>Jes\u00fas Almaguer Salazar, presidente de la Asociaci\u00f3n de Hoteles de Canc\u00fan, Puerto Morelos e Isla Mujeres.<\/h4>\n<p>Canc\u00fan Travel Mart: Ademas de que se mencion\u00f3 que se espera concretar m\u00e1s de 6 mil citas de negocios<\/p>\n<p>Para impulsar la promoci\u00f3n del Caribe Mexicano, este lunes arranc\u00f3 la 34 edici\u00f3n del Canc\u00fan Travel Mart.<\/p>\n<p>El cual mencionan que re\u00fane unos 300 operadores tur\u00edsticos de Estados Unidos, Canad\u00e1, Am\u00e9rica Latina, Asia\/Pac\u00edfico Europa, y M\u00e9xico.<\/p>\n<p>Jes\u00fas Almaguer Salazar, presidente de la Asociaci\u00f3n de Hoteles de Canc\u00fan, Puerto Morelos e Isla Mujeres.<\/p>\n<p>Por ende se mencion\u00f3 que se espera concretar m\u00e1s de 6 mil citas de negocios, dentro y fuera del recinto ferial.<\/p>\n<p>As\u00ed mismo como de\u00a0ventas superiores a los 3 mil millones de d\u00f3lares.<\/p>\n<p>Explic\u00f3 que con las reuniones de hoteles con tour operadores y mayoristas.<\/p>\n<p>Con esto se\u00a0lograr\u00e1n que para invierno se tenga 80% de ocupaci\u00f3n hotelera como m\u00ednimo.<\/p>\n<h4>Al igual que\u00a0ya con la recuperaci\u00f3n de las tarifas hoteleras y alzas de hasta 25%.<\/h4>\n<p>Presente en el evento, la gobernadora de Quintana Roo, Mara Lezama Espinosa.<\/p>\n<p>Por ende se\u00a0expres\u00f3 que para su gobierno es prioridad que la derrama econ\u00f3mica que se genera por turismo.<\/p>\n<p>Ademas de que\u00a0llegue a todo lo largo y ancho del estado.<\/p>\n<p>Presumi\u00f3 del vasto potencial que tiene Quintana Roo con sus 125 mil habitaciones en mil 308 centros de hospedaje.<\/p>\n<p>Al igual que con una ocupaci\u00f3n promedio del 78.4% y una estad\u00eda de 2.8 noches.<\/p>\n<p>As\u00ed como ser generador del 49% de las divisas que por turismo recibe M\u00e9xico.<\/p>\n<h4>Ana Patricia Peralta<\/h4>\n<p>Por su parte, la Presidenta Municipal de Benito Ju\u00e1rez, Ana Patricia Peralta.<\/p>\n<p>Ademas de que\u00a0destac\u00f3 que el liderazgo de la ciudad como uno de los destinos de mayor demanda a nivel nacional e internacional.<\/p>\n<p>Con esto se\u00a0consolida un beneficio para todos los sectores sociales que conforman el municipio.<\/p>\n<p>\u201cCanc\u00fan es el gran orgullo de M\u00e9xico, siendo el destino m\u00e1s importante del pa\u00eds con m\u00e1s de cinco millones de visitantes en lo que va de este a\u00f1o\u201d.<\/p>\n<p>\u201cAdemas de estar\u00a0recibi\u00e9ndolos en nuestros m\u00e1s de 42 mil cuartos de hotel\u201d.<\/p>\n<p>\u201cPor ende, les reitero mi compromiso de seguir trabajando en unidad con los hoteleros para lograr la mejor versi\u00f3n de la ciudad\u201d.<\/p>\n<p>\u201cCanc\u00fan se une en favor del fortalecimiento de la industria tur\u00edstica\u201d, dijo.<\/p>\n","protected":false},"excerpt":{"rendered":"<p>Jes\u00fas Almaguer Salazar, presidente de la Asociaci\u00f3n de Hoteles de Canc\u00fan, Puerto Morelos e Isla Mujeres. Canc\u00fan Travel Mart: Ademas de que se mencion\u00f3 que se espera concretar m\u00e1s de 6 mil citas de negocios Para impulsar la promoci\u00f3n del Caribe Mexicano, este lunes arranc\u00f3 la 34 edici\u00f3n del Canc\u00fan Travel Mart. El cual mencionan [&hellip;]<\/p>\n","protected":false},"author":1,"featured_media":9824,"comment_status":"open","ping_status":"closed","sticky":false,"template":"","format":"standard","meta":{"footnotes":""},"categories":[6,10],"tags":[],"class_list":["post-9822","post","type-post","status-publish","format-standard","has-post-thumbnail","hentry","category-local","category-quintana-roo"],"_links":{"self":[{"href":"https:\/\/podernacional.com\/index.php?rest_route=\/wp\/v2\/posts\/9822","targetHints":{"allow":["GET"]}}],"collection":[{"href":"https:\/\/podernacional.com\/index.php?rest_route=\/wp\/v2\/posts"}],"about":[{"href":"https:\/\/podernacional.com\/index.php?rest_route=\/wp\/v2\/types\/post"}],"author":[{"embeddable":true,"href":"https:\/\/podernacional.com\/index.php?rest_route=\/wp\/v2\/users\/1"}],"replies":[{"embeddable":true,"href":"https:\/\/podernacional.com\/index.php?rest_route=%2Fwp%2Fv2%2Fcomments&post=9822"}],"version-history":[{"count":1,"href":"https:\/\/podernacional.com\/index.php?rest_route=\/wp\/v2\/posts\/9822\/revisions"}],"predecessor-version":[{"id":9823,"href":"https:\/\/podernacional.com\/index.php?rest_route=\/wp\/v2\/posts\/9822\/revisions\/9823"}],"wp:featuredmedia":[{"embeddable":true,"href":"https:\/\/podernacional.com\/index.php?rest_route=\/wp\/v2\/media\/9824"}],"wp:attachment":[{"href":"https:\/\/podernacional.com\/index.php?rest_route=%2Fwp%2Fv2%2Fmedia&parent=9822"}],"wp:term":[{"taxonomy":"category","embeddable":true,"href":"https:\/\/podernacional.com\/index.php?rest_route=%2Fwp%2Fv2%2Fcategories&post=9822"},{"taxonomy":"post_tag","embeddable":true,"href":"https:\/\/podernacional.com\/index.php?rest_route=%2Fwp%2Fv2%2Ftags&post=9822"}],"curies":[{"name":"wp","href":"https:\/\/api.w.org\/{rel}","templated":true}]}}