{"id":9825,"date":"2022-10-17T20:06:30","date_gmt":"2022-10-18T01:06:30","guid":{"rendered":"https:\/\/podernacional.com\/?p=9825"},"modified":"2022-10-18T01:06:33","modified_gmt":"2022-10-18T01:06:33","slug":"alista-ayuntamiento-operativos-de-vigilancia-ante-amenazas-de-taxistas-a-autobuses-en-cancun","status":"publish","type":"post","link":"https:\/\/podernacional.com\/?p=9825","title":{"rendered":"Alista Ayuntamiento operativos de vigilancia, ante amenazas de taxistas a autobuses en Canc\u00fan"},"content":{"rendered":"<h4>El Ayuntamiento de Benito Ju\u00e1rez alista operativos de vigilancia en la Zona Hotelera.<\/h4>\n<p>Operativos de vigilancia: El cual es para garantizar que los autobuses de transporte p\u00fablico puedan circular por las noches.<\/p>\n<p>As\u00ed como\u00a0en vista de la suspensi\u00f3n del servicio por amenazas y bloqueos de taxistas.<\/p>\n<p>As\u00ed lo inform\u00f3 <a href=\"https:\/\/twitter.com\/aguilarosorio\">Jorge Aguilar Osorio<\/a>, secretario general del gobierno municipal.<\/p>\n<p>Ademas de quien indic\u00f3 que primero buscar\u00e1n una reuni\u00f3n con el dirigente del Sindicato de Taxistas \u201cAndr\u00e9s Quintana Roo\u201d.<\/p>\n<p>El cual es\u00a0para resolver este conflicto a trav\u00e9s del di\u00e1logo, pero deben garantizarles a los trabajadores opciones de transporte por las noches.<\/p>\n<p>\u201cNo pueden secuestrarnos de ninguna manera; buscaremos al l\u00edder del sindicato de taxistas para que nos reciba hoy mismo (y) platicarle esta situaci\u00f3n\u201d, asever\u00f3.<\/p>\n<p>\u201cEsto tiene que ver con el desorden que hay de manera general en el transporte p\u00fablico\u201d.<\/p>\n<h4>\u201cAdemas que ha sido ocasionado por todos los que ah\u00ed intervienen\u201d, agreg\u00f3.<\/h4>\n<p>Jorge Aguilar se\u00f1al\u00f3 que tambi\u00e9n buscar\u00e1n coordinarse con el Instituto de Movilidad de Quintana Roo (Imoveqroo).<\/p>\n<p>As\u00ed mismo\u00a0para instalar mesas de trabajo en las que analicen este caso y muchos problemas m\u00e1s que hay en torno al servicio.<\/p>\n<p>Para finalizar, el secretario general del Ayuntamiento consider\u00f3 que el transporte p\u00fablico en Canc\u00fan requiere de una reestructuraci\u00f3n completa.<\/p>\n<p>\u201cCreo que nadie est\u00e1 contento con el transporte p\u00fablico que se tiene en todos los niveles, tanto en los taxis, el tema pendiente de los mototaxis\u201d.<\/p>\n<p>As\u00ed como\u00a0que est\u00e1n en un limbo jur\u00eddico porque pues existen, pero no est\u00e1n regulados.<\/p>\n<p>\u201cAs\u00ed mismo como que pr\u00e1cticamente el tema del transporte urbano de cada vez lo van haciendo para atr\u00e1s\u201d, lament\u00f3.<\/p>\n<p>Por ende finalmente se alista Ayuntamiento operativos de vigilancia, ante amenazas de taxistas a autobuses en Canc\u00fan<\/p>\n","protected":false},"excerpt":{"rendered":"<p>El Ayuntamiento de Benito Ju\u00e1rez alista operativos de vigilancia en la Zona Hotelera. Operativos de vigilancia: El cual es para garantizar que los autobuses de transporte p\u00fablico puedan circular por las noches. As\u00ed como\u00a0en vista de la suspensi\u00f3n del servicio por amenazas y bloqueos de taxistas. As\u00ed lo inform\u00f3 Jorge Aguilar Osorio, secretario general del [&hellip;]<\/p>\n","protected":false},"author":1,"featured_media":9827,"comment_status":"open","ping_status":"closed","sticky":false,"template":"","format":"standard","meta":{"footnotes":""},"categories":[6,8,9,10],"tags":[],"class_list":["post-9825","post","type-post","status-publish","format-standard","has-post-thumbnail","hentry","category-local","category-policia","category-politica","category-quintana-roo"],"_links":{"self":[{"href":"https:\/\/podernacional.com\/index.php?rest_route=\/wp\/v2\/posts\/9825","targetHints":{"allow":["GET"]}}],"collection":[{"href":"https:\/\/podernacional.com\/index.php?rest_route=\/wp\/v2\/posts"}],"about":[{"href":"https:\/\/podernacional.com\/index.php?rest_route=\/wp\/v2\/types\/post"}],"author":[{"embeddable":true,"href":"https:\/\/podernacional.com\/index.php?rest_route=\/wp\/v2\/users\/1"}],"replies":[{"embeddable":true,"href":"https:\/\/podernacional.com\/index.php?rest_route=%2Fwp%2Fv2%2Fcomments&post=9825"}],"version-history":[{"count":1,"href":"https:\/\/podernacional.com\/index.php?rest_route=\/wp\/v2\/posts\/9825\/revisions"}],"predecessor-version":[{"id":9826,"href":"https:\/\/podernacional.com\/index.php?rest_route=\/wp\/v2\/posts\/9825\/revisions\/9826"}],"wp:featuredmedia":[{"embeddable":true,"href":"https:\/\/podernacional.com\/index.php?rest_route=\/wp\/v2\/media\/9827"}],"wp:attachment":[{"href":"https:\/\/podernacional.com\/index.php?rest_route=%2Fwp%2Fv2%2Fmedia&parent=9825"}],"wp:term":[{"taxonomy":"category","embeddable":true,"href":"https:\/\/podernacional.com\/index.php?rest_route=%2Fwp%2Fv2%2Fcategories&post=9825"},{"taxonomy":"post_tag","embeddable":true,"href":"https:\/\/podernacional.com\/index.php?rest_route=%2Fwp%2Fv2%2Ftags&post=9825"}],"curies":[{"name":"wp","href":"https:\/\/api.w.org\/{rel}","templated":true}]}}