{"id":9828,"date":"2022-10-17T20:12:11","date_gmt":"2022-10-18T01:12:11","guid":{"rendered":"https:\/\/podernacional.com\/?p=9828"},"modified":"2022-10-18T01:12:13","modified_gmt":"2022-10-18T01:12:13","slug":"secretario-de-estado-de-espana-asegura-que-la-relacion-con-mexico-mejoro-pese-a-criticas-de-amlo","status":"publish","type":"post","link":"https:\/\/podernacional.com\/?p=9828","title":{"rendered":"Secretario de Estado de Espa\u00f1a asegura que la relaci\u00f3n con M\u00e9xico mejor\u00f3 pese a cr\u00edticas de AMLO"},"content":{"rendered":"<h4>El secretario de Estado de Espa\u00f1a para Iberoam\u00e9rica y el Caribe, Juan Fern\u00e1ndez Trigo.<\/h4>\n<p>Espa\u00f1a asegura que ademas de que se adelant\u00f3 este lunes que habr\u00e1 un encuentro de alto nivel con M\u00e9xico a finales de este a\u00f1o.<\/p>\n<p>As\u00ed mismo como\u00a0que las relaciones con el pa\u00eds latinoamericano, \u201cmejoraron sin decir que hemos arreglado las cosas\u201d.<\/p>\n<p>Las declaraciones del funcionario espa\u00f1ol se dan en el marco en el que el presidente, Andr\u00e9s Manuel L\u00f3pez Obrado.<\/p>\n<p>Ademas de que\u00a0critic\u00f3 en numerosas ocasiones el papel de los espa\u00f1oles durante la conquista de Am\u00e9rica.<\/p>\n<p>Al igual que\u00a0ha pedido al gobierno espa\u00f1ol que pida disculpas a los pueblos originarios.<\/p>\n<p>El secretario de Estado espa\u00f1ol, en una comparecencia con los diputados, se\u00f1al\u00f3 que en marzo viaj\u00f3 a M\u00e9xico.<\/p>\n<p>Ademas de que la pr\u00f3xima semana se reunir\u00e1 una subcomisi\u00f3n en la que participar\u00e1 la subsecretaria mexicana de relaciones internacionales.<\/p>\n<p>As\u00ed mismo que\u00a0a finales de a\u00f1o est\u00e1 previsto otro encuentro de alto nivel.<\/p>\n<p>Por otro lado, se ha referido al derrame de petr\u00f3leo ocurrido el pasado 15 de enero en la costa central de Per\u00fa.<\/p>\n<p>#Espa\u00f1a est\u00e1 comprometida en Iberoam\u00e9rica y el Caribe con la defensa de la democracia y el respeto a los derechos humanos.<\/p>\n<h4>As\u00ed como el fomento de un desarrollo sostenido y sostenible, que no deje a nadie atr\u00e1s.<\/h4>\n<p>\u2014 Juan Fern\u00e1ndez Trigo (@JFernandezTrigo) October 17, 2022<\/p>\n<p>\u201cHay que hacer un trabajo de insistencia y presencia (en Per\u00fa), porque se ha puesto una demanda de 4 mil 500 millones de d\u00f3lares\u201d.<\/p>\n<p>\u201cAs\u00ed como\u00a0a la petrolera espa\u00f1ola Repsol por entender que se ha atacado al medio ambiente\u201d, record\u00f3.<\/p>\n<p>A su juicio, hay \u201cuna actividad no suficientemente comprendida de reparaci\u00f3n\u201d por parte de Repsol.<\/p>\n<p>Esto\u00a0tras este vertido de crudo en una refiner\u00eda del norte de Lima, el peor desastre ecol\u00f3gico ocurrido en la historia reciente de ese pa\u00eds.<\/p>\n<p>Adem\u00e1s del impacto a la fauna ha afectado a miles de pescadores y comerciantes.<\/p>\n<p>Seg\u00fan explic\u00f3 el secretario de Estado espa\u00f1ol, \u00e9l ha viajado en cuatro ocasiones a Per\u00fa en un a\u00f1o.<\/p>\n<p>As\u00ed mismo como tanto por cuestiones de relaciones bilaterales como en \u201capoyo\u201d a la petrolera por el accidente.<\/p>\n<p>Por ende, Espa\u00f1a asegura que mejor\u00f3<\/p>\n","protected":false},"excerpt":{"rendered":"<p>El secretario de Estado de Espa\u00f1a para Iberoam\u00e9rica y el Caribe, Juan Fern\u00e1ndez Trigo. Espa\u00f1a asegura que ademas de que se adelant\u00f3 este lunes que habr\u00e1 un encuentro de alto nivel con M\u00e9xico a finales de este a\u00f1o. As\u00ed mismo como\u00a0que las relaciones con el pa\u00eds latinoamericano, \u201cmejoraron sin decir que hemos arreglado las cosas\u201d. [&hellip;]<\/p>\n","protected":false},"author":1,"featured_media":9830,"comment_status":"open","ping_status":"open","sticky":false,"template":"","format":"standard","meta":{"footnotes":""},"categories":[7,9],"tags":[],"class_list":["post-9828","post","type-post","status-publish","format-standard","has-post-thumbnail","hentry","category-nacional","category-politica"],"_links":{"self":[{"href":"https:\/\/podernacional.com\/index.php?rest_route=\/wp\/v2\/posts\/9828","targetHints":{"allow":["GET"]}}],"collection":[{"href":"https:\/\/podernacional.com\/index.php?rest_route=\/wp\/v2\/posts"}],"about":[{"href":"https:\/\/podernacional.com\/index.php?rest_route=\/wp\/v2\/types\/post"}],"author":[{"embeddable":true,"href":"https:\/\/podernacional.com\/index.php?rest_route=\/wp\/v2\/users\/1"}],"replies":[{"embeddable":true,"href":"https:\/\/podernacional.com\/index.php?rest_route=%2Fwp%2Fv2%2Fcomments&post=9828"}],"version-history":[{"count":1,"href":"https:\/\/podernacional.com\/index.php?rest_route=\/wp\/v2\/posts\/9828\/revisions"}],"predecessor-version":[{"id":9829,"href":"https:\/\/podernacional.com\/index.php?rest_route=\/wp\/v2\/posts\/9828\/revisions\/9829"}],"wp:featuredmedia":[{"embeddable":true,"href":"https:\/\/podernacional.com\/index.php?rest_route=\/wp\/v2\/media\/9830"}],"wp:attachment":[{"href":"https:\/\/podernacional.com\/index.php?rest_route=%2Fwp%2Fv2%2Fmedia&parent=9828"}],"wp:term":[{"taxonomy":"category","embeddable":true,"href":"https:\/\/podernacional.com\/index.php?rest_route=%2Fwp%2Fv2%2Fcategories&post=9828"},{"taxonomy":"post_tag","embeddable":true,"href":"https:\/\/podernacional.com\/index.php?rest_route=%2Fwp%2Fv2%2Ftags&post=9828"}],"curies":[{"name":"wp","href":"https:\/\/api.w.org\/{rel}","templated":true}]}}