{"id":9843,"date":"2022-10-18T18:27:15","date_gmt":"2022-10-18T23:27:15","guid":{"rendered":"https:\/\/podernacional.com\/?p=9843"},"modified":"2022-10-18T23:27:17","modified_gmt":"2022-10-18T23:27:17","slug":"festival-dispar-danza-sin-obstaculos-y-accesible-para-publico-y-artistas","status":"publish","type":"post","link":"https:\/\/podernacional.com\/?p=9843","title":{"rendered":"Festival Dispar Danza sin obst\u00e1culos y accesible para p\u00fablico y artistas"},"content":{"rendered":"<h4>El festival, en el que colabora Zaragoza Cultural, se celebrar\u00e1 los d\u00edas 27, 29 y 30 de octubre en Etopia.<\/h4>\n<p>Festival Dispar: As\u00ed mismo como en el Centro C\u00edvico R\u00edo Ebro.<\/p>\n<p>El montaje de danza-teatro de Pares Sueltos y Carme Diem: &#8216;Polvo&#8217;El montaje de danza-teatro de Pares Sueltos y Carme Diem: &#8216;Polvo&#8217;ZGZ Escena.<\/p>\n<p>La segunda edici\u00f3n del Festival Dispar llega a Zaragoza a finales de octubre con el objetivo de promover las artes esc\u00e9nicas.<\/p>\n<p>Ademas que\u00a0especialmente la danza contempor\u00e1nea, sin obst\u00e1culos y hacerla completamente accesible tanto para el p\u00fablico como para los artistas.<\/p>\n<p>La entidad Pares Sueltos promueve este evento, que se basa en el art\u00edculo 27 de la Declaraci\u00f3n Universal de los Derechos Humanos:<\/p>\n<p>\u00abToda persona tiene derecho a tomar parte libremente en la vida cultural de la comunidad y a gozar de las artes\u00bb.<\/p>\n<p>Violeta Fat\u00e1s es una de las codirectoras del festival y cofundadora de Pares Sueltos.<\/p>\n<p>Ademas\u00a0que trabaja por una danza \u00aben la que quepan otros cuerpos y otros relatos\u00bb.<\/p>\n<h4>As\u00ed mismo\u00a0que aspira a un arte \u00ablibre de barreras f\u00edsicas y mentales\u00bb.<\/h4>\n<p>Con ese objetivo se impulsa, con la colaboraci\u00f3n de Zaragoza Cultural, el Festival Dispar.<\/p>\n<p>Ademas\u00a0que se celebrar\u00e1 los d\u00edas 27, 29 y 30 de octubre en Etopia y en el Centro C\u00edvico R\u00edo Ebro.<\/p>\n<p>Fat\u00e1s ha explicado en rueda de prensa que el 27 de octubre se ha programado en Etopia un taller con actuaci\u00f3n con Santiago Latorre.<\/p>\n<p>As\u00ed mismo de\u00a0Sara Paniagua llamado \u00abLa arquitectura de la Amistad\u00bb.<\/p>\n<p>Latorre, m\u00fasico afectado por una lesi\u00f3n en ambas manos, comenz\u00f3 a experimentar con sensores de movimiento en 2016.<\/p>\n<p>Al igual que esa experimentaci\u00f3n naci\u00f3 el proyecto que se exhibe ahora, completado con sistemas de manipulaci\u00f3n de luz y sonido a trav\u00e9s del movimiento.<\/p>\n<p>El equipo de La Colmena Creativa junto al concejal de Cultura, Ram\u00f3n Lasaosa, en una de las salas de ensayo del ArtLab de Huesca.<\/p>\n<p>Los talleres del Art Lab de Huesca cuelgan el cartel de completo en octubre<\/p>\n<p>Bons\u00e1i de olivo recto informal de 50 a\u00f1os de edad, expuesto en el patio del Museo de Zaragoza hasta el 23 de octubre.<\/p>\n<h4>Cinco verdades b\u00e1sicas sobre el cuidado de los bons\u00e1is<\/h4>\n<p>El 29 de octubre, en el Centro C\u00edvico Rio Ebro, elegido por tener muy buen accesibilidad para los artistas.<\/p>\n<p>Por ende\u00a0se celebrar\u00e1 una velada de danza en la que se mostrar\u00e1 el trabajo de cuatro compa\u00f1\u00edas.<\/p>\n<p>As\u00ed mismo (de Catalu\u00f1a, Andaluc\u00eda, Pa\u00eds Vasco y Francia) en cuyos elencos y equipos t\u00e9cnicos hay artistas con diversidad funcional.<\/p>\n<p>Esta velada incluye como novedad, adem\u00e1s de traducci\u00f3n al lenguaje de signos.<\/p>\n<p>As\u00ed como un sistema de audiogu\u00eda para personas con diversidad visual impulsado por Latrium, laboratorio de la Universidad de Murcia para la traducci\u00f3n inclusiva.<\/p>\n<p>Ya el d\u00eda 30, una de estas compa\u00f1\u00edas, llamada \u00abHabr\u00e1 que ponerse cachas\u00bb.<\/p>\n<p>Ademas de que\u00a0ofrecer\u00e1 un taller de danza en Etopia abierto a cualquier persona, con cualquier nivel, con o sin diversidad funcional.<\/p>\n<p>Fat\u00e1s ha explicado que este a\u00f1o, adem\u00e1s, se incluye como novedad una medida de apoyo a personas con hipersensibilidad sensorial.<\/p>\n<p>Eva Sanmart\u00edn, t\u00e9cnica de Cultura, y diagnosticada con s\u00edndrome del espectro autista.<\/p>\n<h4>Al igual que ha explicado en la rueda de prensa que este m\u00e9todo.<\/h4>\n<p>Ademas de que ya se puso en marcha recientemente en la Feria de Teatro y Danza de Huesca.<\/p>\n<p>Ademas de que\u00a0se basa en la creaci\u00f3n de iconos que facilitan a las personas con enfermedades neurodivergentes.<\/p>\n<p>(Dislexia, d\u00e9ficit de atenci\u00f3n o autismo, entre otras) la asistencia a los espect\u00e1culos.<\/p>\n<p>As\u00ed, se informa de la cantidad de ruido, de si hay luces directas hacia el p\u00fablico o si existe contacto f\u00edsico.<\/p>\n<p>Al igual del porque para estas personas es importante saber con anticipaci\u00f3n lo que puede suceder para que puedan prepararse antes de asistir al espect\u00e1culo.<\/p>\n<p>Ha apelado a la empat\u00eda de las compa\u00f1\u00edas.<\/p>\n<p>As\u00ed mismo como a la responsabilidad de las instituciones para ir incorporando medidas que faciliten que todo el ocio sea inclusivo.<\/p>\n<p>Las entradas para el festival y las inscripciones ya est\u00e1n disponibles en la web de Pares sueltos.<\/p>\n","protected":false},"excerpt":{"rendered":"<p>El festival, en el que colabora Zaragoza Cultural, se celebrar\u00e1 los d\u00edas 27, 29 y 30 de octubre en Etopia. Festival Dispar: As\u00ed mismo como en el Centro C\u00edvico R\u00edo Ebro. El montaje de danza-teatro de Pares Sueltos y Carme Diem: &#8216;Polvo&#8217;El montaje de danza-teatro de Pares Sueltos y Carme Diem: &#8216;Polvo&#8217;ZGZ Escena. La segunda [&hellip;]<\/p>\n","protected":false},"author":1,"featured_media":9845,"comment_status":"open","ping_status":"closed","sticky":false,"template":"","format":"standard","meta":{"footnotes":""},"categories":[2,5],"tags":[],"class_list":["post-9843","post","type-post","status-publish","format-standard","has-post-thumbnail","hentry","category-cultural","category-internacional"],"_links":{"self":[{"href":"https:\/\/podernacional.com\/index.php?rest_route=\/wp\/v2\/posts\/9843","targetHints":{"allow":["GET"]}}],"collection":[{"href":"https:\/\/podernacional.com\/index.php?rest_route=\/wp\/v2\/posts"}],"about":[{"href":"https:\/\/podernacional.com\/index.php?rest_route=\/wp\/v2\/types\/post"}],"author":[{"embeddable":true,"href":"https:\/\/podernacional.com\/index.php?rest_route=\/wp\/v2\/users\/1"}],"replies":[{"embeddable":true,"href":"https:\/\/podernacional.com\/index.php?rest_route=%2Fwp%2Fv2%2Fcomments&post=9843"}],"version-history":[{"count":1,"href":"https:\/\/podernacional.com\/index.php?rest_route=\/wp\/v2\/posts\/9843\/revisions"}],"predecessor-version":[{"id":9844,"href":"https:\/\/podernacional.com\/index.php?rest_route=\/wp\/v2\/posts\/9843\/revisions\/9844"}],"wp:featuredmedia":[{"embeddable":true,"href":"https:\/\/podernacional.com\/index.php?rest_route=\/wp\/v2\/media\/9845"}],"wp:attachment":[{"href":"https:\/\/podernacional.com\/index.php?rest_route=%2Fwp%2Fv2%2Fmedia&parent=9843"}],"wp:term":[{"taxonomy":"category","embeddable":true,"href":"https:\/\/podernacional.com\/index.php?rest_route=%2Fwp%2Fv2%2Fcategories&post=9843"},{"taxonomy":"post_tag","embeddable":true,"href":"https:\/\/podernacional.com\/index.php?rest_route=%2Fwp%2Fv2%2Ftags&post=9843"}],"curies":[{"name":"wp","href":"https:\/\/api.w.org\/{rel}","templated":true}]}}