{"id":9852,"date":"2022-10-18T18:43:30","date_gmt":"2022-10-18T23:43:30","guid":{"rendered":"https:\/\/podernacional.com\/?p=9852"},"modified":"2022-10-18T23:43:32","modified_gmt":"2022-10-18T23:43:32","slug":"por-que-amlo-se-reunio-con-la-presidenta-internacional-de-walmart","status":"publish","type":"post","link":"https:\/\/podernacional.com\/?p=9852","title":{"rendered":"Por qu\u00e9 AMLO se reuni\u00f3 con la presidenta internacional de Walmart"},"content":{"rendered":"<h4>Durante su conferencia de prensa ma\u00f1anera, el presidente L\u00f3pez Obrador adelant\u00f3 que se reunir\u00eda con la presidenta internacional de Walmart, Judith McKenna<\/h4>\n<p>Walmart: L\u00f3pez Obrador comparti\u00f3 una fotograf\u00eda con la presidenta internacional de Walmart en sus redes sociales.<\/p>\n<p>El presidente Andr\u00e9s Manuel L\u00f3pez Obrador (AMLO), durante su conferencia de prensa matutina de este martes.<\/p>\n<p>Ademas que\u00a0inform\u00f3 que tendr\u00eda una reuni\u00f3n con la presidenta internacional de Walmart, Judith McKenna.<\/p>\n<p>Todo esto\u00a0esto con la finalidad de tratar el tema del costo de la canasta b\u00e1sica en M\u00e9xico.<\/p>\n<p>As\u00ed mismo como de otros productos afectados por el alza inflacionaria.<\/p>\n<p>AMLO inform\u00f3 que este martes ser\u00eda cuando mantendr\u00eda una reuni\u00f3n con la presidenta internacional de la empresa estadounidense.<\/p>\n<p>Durante su ya cl\u00e1sica conferencia de prensa ma\u00f1anera.<\/p>\n<p>Por ende,\u00a0el mandatario dijo que se estar\u00e1 trabajando para mantener el precio de 24 productos b\u00e1sicos de la canasta.<\/p>\n<h4>\u201cYa hicimos un acuerdo con Walmart, Soriana, que son distribuidores\u201d, asegur\u00f3 en su habitual conferencia ma\u00f1anera L\u00f3pez Obrador.<\/h4>\n<p>AMLO tambi\u00e9n se\u00f1al\u00f3 que la econom\u00eda mexicana va por buen camino y que s\u00f3lo la inflaci\u00f3n preocupa, pero insisti\u00f3 en que ya se est\u00e1 atendiendo.<\/p>\n<p>Posteriormente, luego del medio d\u00eda, el mandatario comparti\u00f3 una imagen en sus redes sociales, donde se le ve con Judith McKenna, acompa\u00f1ada del siguiente mensaje:<\/p>\n<p>\u201cConversamos con Judith McKenna, presidenta y directora ejecutiva de Walmart Internacional\u201d.<\/p>\n<p>\u201cEl acuerdo fue hacer todo lo posible para bajar la inflaci\u00f3n en alimentos\u201d.<\/p>\n<p>\u201cLas ventas de esta empresa equivalen al 25 por ciento del comercio minorista del pa\u00eds\u201d.<\/p>\n<p>La noticia de que el presidente de M\u00e9xico se reunir\u00eda con la presidenta internacional de Walmart se da luego de que el pasado lunes.<\/p>\n<p>Al igual que\u00a0tambi\u00e9n durante su conferencia de prensa ma\u00f1anera, hiciera un llamado de atenci\u00f3n a la Procuradur\u00eda Federal del Consumidor (Profeco).<\/p>\n<p>Ademas de\u00a0que est\u00e1 a cargo de Ricardo Sheffield Padilla, para que \u00e9ste hablara con Walmart, Chedaui y Soriana.<\/p>\n<p>Ademas de\u00a0para que cumplan con el Paquete de contra la Inflaci\u00f3n y la Carest\u00eda (PACIC).<\/p>\n<h4>As\u00ed mismo\u00a0pues venden en m\u00e1s de mil 39 pesos los 24 productos de la canasta b\u00e1sica.<\/h4>\n<p>\u201cPor cierto hay que hablar con Walmart, Chedraui y Soriana porque son mil 039 la canasta y se pasan, no de rosca, pero s\u00ed se est\u00e1n pasando\u201d.<\/p>\n<p>Esto lo\u00a0expres\u00f3 el presidente L\u00f3pez Obrador este lunes desde Palacio Nacional.<\/p>\n<p>El mandatario reiter\u00f3 su confianza en los distribuidores de alimentos y dijo que est\u00e1 seguro de que van a cumplir con el PACIC.<\/p>\n<p>\u201cAprovecho de una vez para decirles a los administradores, de Walmart, Chedraui y Soriana hay el compromiso de que la canasta de 24 productos\u201d.<\/p>\n<p>Al igual que\u00a0no cueste m\u00e1s de mil 039 pesos, por si tarda en llegarles la instrucci\u00f3n es porque hay burocracia en estas grandes corporaciones.<\/p>\n<p>\u201cHasta en Palacio las cosas caminan despacio\u201d, expres\u00f3 el mandatario.<\/p>\n","protected":false},"excerpt":{"rendered":"<p>Durante su conferencia de prensa ma\u00f1anera, el presidente L\u00f3pez Obrador adelant\u00f3 que se reunir\u00eda con la presidenta internacional de Walmart, Judith McKenna Walmart: L\u00f3pez Obrador comparti\u00f3 una fotograf\u00eda con la presidenta internacional de Walmart en sus redes sociales. El presidente Andr\u00e9s Manuel L\u00f3pez Obrador (AMLO), durante su conferencia de prensa matutina de este martes. Ademas [&hellip;]<\/p>\n","protected":false},"author":1,"featured_media":9854,"comment_status":"open","ping_status":"closed","sticky":false,"template":"","format":"standard","meta":{"footnotes":""},"categories":[5,9],"tags":[],"class_list":["post-9852","post","type-post","status-publish","format-standard","has-post-thumbnail","hentry","category-internacional","category-politica"],"_links":{"self":[{"href":"https:\/\/podernacional.com\/index.php?rest_route=\/wp\/v2\/posts\/9852","targetHints":{"allow":["GET"]}}],"collection":[{"href":"https:\/\/podernacional.com\/index.php?rest_route=\/wp\/v2\/posts"}],"about":[{"href":"https:\/\/podernacional.com\/index.php?rest_route=\/wp\/v2\/types\/post"}],"author":[{"embeddable":true,"href":"https:\/\/podernacional.com\/index.php?rest_route=\/wp\/v2\/users\/1"}],"replies":[{"embeddable":true,"href":"https:\/\/podernacional.com\/index.php?rest_route=%2Fwp%2Fv2%2Fcomments&post=9852"}],"version-history":[{"count":1,"href":"https:\/\/podernacional.com\/index.php?rest_route=\/wp\/v2\/posts\/9852\/revisions"}],"predecessor-version":[{"id":9853,"href":"https:\/\/podernacional.com\/index.php?rest_route=\/wp\/v2\/posts\/9852\/revisions\/9853"}],"wp:featuredmedia":[{"embeddable":true,"href":"https:\/\/podernacional.com\/index.php?rest_route=\/wp\/v2\/media\/9854"}],"wp:attachment":[{"href":"https:\/\/podernacional.com\/index.php?rest_route=%2Fwp%2Fv2%2Fmedia&parent=9852"}],"wp:term":[{"taxonomy":"category","embeddable":true,"href":"https:\/\/podernacional.com\/index.php?rest_route=%2Fwp%2Fv2%2Fcategories&post=9852"},{"taxonomy":"post_tag","embeddable":true,"href":"https:\/\/podernacional.com\/index.php?rest_route=%2Fwp%2Fv2%2Ftags&post=9852"}],"curies":[{"name":"wp","href":"https:\/\/api.w.org\/{rel}","templated":true}]}}