{"id":9855,"date":"2022-10-18T19:10:06","date_gmt":"2022-10-19T00:10:06","guid":{"rendered":"https:\/\/podernacional.com\/?p=9855"},"modified":"2022-10-19T00:10:08","modified_gmt":"2022-10-19T00:10:08","slug":"inicia-el-travel-mart-cancun-2022","status":"publish","type":"post","link":"https:\/\/podernacional.com\/?p=9855","title":{"rendered":"Inicia el Travel Mart Canc\u00fan 2022"},"content":{"rendered":"<h4>Los hoteleros de Quintana Roo anunciaron que est\u00e1n trabajando en la conformaci\u00f3n del Consejo de Asociaciones Hoteleras del Caribe mexicano.<\/h4>\n<p>Travel Mart Canc\u00fan: Esto con el objetivo de enfocar los esfuerzos de los cuatro organismos que lo conformaran en la atracci\u00f3n de mayor turismo.<\/p>\n<p>Este lunes 17 de octubre inici\u00f3 la edici\u00f3n 34 del Canc\u00fan Travel Mart, con la proyecci\u00f3n de lograr m\u00e1s de 6,000 citas de negocios.<\/p>\n<p>Esto con las principales agencias de viaje mayoristas.<\/p>\n<p>As\u00ed como de las touroperadores internacionales que dan cita para negociar la oferta de hospedaje del Caribe mexicano de cara a la temporada invernal 2022-2023.<\/p>\n<p>Durante la ceremonia inaugural, Jes\u00fas Almaguer Salazar, dirigente de los hoteleros de Canc\u00fan.<\/p>\n<p>Al igual que se anunci\u00f3 que por primera vez en la historia del estado est\u00e1n trabajando en la conformaci\u00f3n del:<\/p>\n<p>Consejo de Asociaciones Hoteleras del Caribe mexicano, el cual aglutinar\u00eda a las asociaciones de Canc\u00fan, Riviera Maya, Tulum y Cozumel.<\/p>\n<p>As\u00ed como a la Asociaci\u00f3n de Clubes Vacacionales de Quintana Roo.<\/p>\n<p>El objetivo principal al conjuntar a las cuatro asociaciones hoteleras es enfocar los esfuerzos los cuatro organismos en la atracci\u00f3n de cada vez m\u00e1s turismos.<\/p>\n<p>Adem\u00e1s de atender de manera conjunta problem\u00e1ticas puntuales como el maltrato que enfrentan los visitantes colombianos.<\/p>\n<p>Esto en los m\u00f3dulos migratorios del Aeropuerto Internacional Canc\u00fan o solicitar la eliminaci\u00f3n de las visas para el mercado brasile\u00f1o.<\/p>\n<h4>Respecto del Travel Mart, Almaguer Salazar mencion\u00f3 que son m\u00e1s de 300 proveedores que se esperan a los largo de los dos d\u00edas de negociaciones.<\/h4>\n<p>\u201cEst\u00e1 lleno el recinto del hotel donde ser\u00e1 el evento, y estamos contentos por duplicar el n\u00famero de compradores y delegados\u201d.<\/p>\n<p>\u201cAs\u00ed mismo como\u00a0incluso tuvimos que ampliar el espacio, lo cual nos da mucho entusiasmo de que ser\u00e1 una edici\u00f3n exitosa\u201d.<\/p>\n<p>Adelant\u00f3 que con las negociaciones que se logren en este encuentro es muy probable que se asegure una ocupaci\u00f3n hotelera superior a 80%.<\/p>\n<p>Esto\u00a0durante la temporada alta de fin de a\u00f1o.<\/p>\n<p>Record\u00f3 que en la edici\u00f3n del a\u00f1o pasado lograron ventas por 3,000 millones de d\u00f3lares en las m\u00e1s de 3,500 citas de negocios logradas.<\/p>\n<p>Adem\u00e1s de que se logr\u00f3 la recuperaci\u00f3n de las tarifas a niveles previos a la pandemia.<\/p>\n<p>Ademas que por lo que para este a\u00f1o ya hay hoteles que se comercializan incluso con tarifas entre 10 y 15% m\u00e1s altas.<\/p>\n<p>Esto con\u00a0respecto del a\u00f1o pasado.<\/p>\n","protected":false},"excerpt":{"rendered":"<p>Los hoteleros de Quintana Roo anunciaron que est\u00e1n trabajando en la conformaci\u00f3n del Consejo de Asociaciones Hoteleras del Caribe mexicano. Travel Mart Canc\u00fan: Esto con el objetivo de enfocar los esfuerzos de los cuatro organismos que lo conformaran en la atracci\u00f3n de mayor turismo. Este lunes 17 de octubre inici\u00f3 la edici\u00f3n 34 del Canc\u00fan [&hellip;]<\/p>\n","protected":false},"author":1,"featured_media":9857,"comment_status":"open","ping_status":"closed","sticky":false,"template":"","format":"standard","meta":{"footnotes":""},"categories":[6,9,10],"tags":[],"class_list":["post-9855","post","type-post","status-publish","format-standard","has-post-thumbnail","hentry","category-local","category-politica","category-quintana-roo"],"_links":{"self":[{"href":"https:\/\/podernacional.com\/index.php?rest_route=\/wp\/v2\/posts\/9855","targetHints":{"allow":["GET"]}}],"collection":[{"href":"https:\/\/podernacional.com\/index.php?rest_route=\/wp\/v2\/posts"}],"about":[{"href":"https:\/\/podernacional.com\/index.php?rest_route=\/wp\/v2\/types\/post"}],"author":[{"embeddable":true,"href":"https:\/\/podernacional.com\/index.php?rest_route=\/wp\/v2\/users\/1"}],"replies":[{"embeddable":true,"href":"https:\/\/podernacional.com\/index.php?rest_route=%2Fwp%2Fv2%2Fcomments&post=9855"}],"version-history":[{"count":1,"href":"https:\/\/podernacional.com\/index.php?rest_route=\/wp\/v2\/posts\/9855\/revisions"}],"predecessor-version":[{"id":9856,"href":"https:\/\/podernacional.com\/index.php?rest_route=\/wp\/v2\/posts\/9855\/revisions\/9856"}],"wp:featuredmedia":[{"embeddable":true,"href":"https:\/\/podernacional.com\/index.php?rest_route=\/wp\/v2\/media\/9857"}],"wp:attachment":[{"href":"https:\/\/podernacional.com\/index.php?rest_route=%2Fwp%2Fv2%2Fmedia&parent=9855"}],"wp:term":[{"taxonomy":"category","embeddable":true,"href":"https:\/\/podernacional.com\/index.php?rest_route=%2Fwp%2Fv2%2Fcategories&post=9855"},{"taxonomy":"post_tag","embeddable":true,"href":"https:\/\/podernacional.com\/index.php?rest_route=%2Fwp%2Fv2%2Ftags&post=9855"}],"curies":[{"name":"wp","href":"https:\/\/api.w.org\/{rel}","templated":true}]}}