{"id":9858,"date":"2022-10-18T19:16:33","date_gmt":"2022-10-19T00:16:33","guid":{"rendered":"https:\/\/podernacional.com\/?p=9858"},"modified":"2022-10-19T00:16:36","modified_gmt":"2022-10-19T00:16:36","slug":"uso-de-cubrebocas-en-zacatecas-sera-opcional","status":"publish","type":"post","link":"https:\/\/podernacional.com\/?p=9858","title":{"rendered":"Uso de cubrebocas en Zacatecas ser\u00e1 opcional"},"content":{"rendered":"<h4>Con 19 votos a favor, cero en contra y cero abstenciones.<\/h4>\n<p>Uso de cubrebocas: As\u00ed como de la 64 legislatura del estado aprob\u00f3 en lo general el dictamen.<\/p>\n<p>Esto\u00a0por el cual se quita el car\u00e1cter de obligatoriedad del uso del cubrebocas.<\/p>\n<p>Al igual que\u00a0medidas para prevenir la transmisi\u00f3n de la Covid-19.<\/p>\n<p>De tal manera que a partir de su publicaci\u00f3n en el peri\u00f3dico oficial del estado, el uso del cubrebocas ser\u00e1 de manera opcional.<\/p>\n<p>Las medidas de seguridad s\u00f3lo se mantendr\u00e1n en car\u00e1cter de obligatorias en hospitales, escuelas, transporte p\u00fablico y espacios sin ventilaci\u00f3n.<\/p>\n<p>As\u00ed como para personas que manipulen alimentos en hoteles y restaurantes<\/p>\n<p><a href=\"https:\/\/www.congresozac.gob.mx\/63\/perfil\/kdve\">Karla Valdez Espinoza<\/a>, presidenta de la comisi\u00f3n de Salud del congreso del estado.<\/p>\n<p>Ademas que precis\u00f3 que en las escuelas deber\u00e1 permanecer el uso de cubrebocas.<\/p>\n<p>Al igual que\u00a0toda vez que el esquema de vacunaci\u00f3n en ni\u00f1os a\u00fan no se ha completado.<\/p>\n<h4>Asimismo se pedir\u00e1 a la Comisi\u00f3n Federal para la Protecci\u00f3n contra Riesgos Sanitarios (Cofepris).<\/h4>\n<p>As\u00ed mismo\u00a0que vigile a las escuelas que los ni\u00f1os y ni\u00f1as usen de manera correcta el cubrebocas.<\/p>\n<p>Explic\u00f3 que algunos h\u00e1bitos deber\u00e1n permanecer como la necesidad de ventilar los espacios.<\/p>\n<p>Por su parte la diputada Fernanda Miranda.<\/p>\n<p>Con esto expuso que quitar la obligatoriedad de esta medida de protecci\u00f3n tambi\u00e9n contribuir\u00e1 a disminuir la generaci\u00f3n de basura.<\/p>\n<p>En especial de pl\u00e1sticos de un solo uso, que llegaban a incrementar hasta 5 kilos a la semana por persona.<\/p>\n<p>Durante su participaci\u00f3n, el diputado Xerardo Ram\u00edrez coment\u00f3 que estas modificaciones a la ley tambi\u00e9n fortalecer\u00e1n a los comercios.<\/p>\n<p>Adem\u00e1s de que contribuir\u00e1n a cuidar los bolsillos de los zacatecanos quienes gastaban mucho dinero en estos art\u00edculos.<\/p>\n<p>Por ende, el uso de cubrebocas en Zacatecas ser\u00e1 opcional<\/p>\n","protected":false},"excerpt":{"rendered":"<p>Con 19 votos a favor, cero en contra y cero abstenciones. Uso de cubrebocas: As\u00ed como de la 64 legislatura del estado aprob\u00f3 en lo general el dictamen. Esto\u00a0por el cual se quita el car\u00e1cter de obligatoriedad del uso del cubrebocas. Al igual que\u00a0medidas para prevenir la transmisi\u00f3n de la Covid-19. De tal manera que [&hellip;]<\/p>\n","protected":false},"author":1,"featured_media":9860,"comment_status":"open","ping_status":"closed","sticky":false,"template":"","format":"standard","meta":{"footnotes":""},"categories":[7,11],"tags":[],"class_list":["post-9858","post","type-post","status-publish","format-standard","has-post-thumbnail","hentry","category-nacional","category-salud"],"_links":{"self":[{"href":"https:\/\/podernacional.com\/index.php?rest_route=\/wp\/v2\/posts\/9858","targetHints":{"allow":["GET"]}}],"collection":[{"href":"https:\/\/podernacional.com\/index.php?rest_route=\/wp\/v2\/posts"}],"about":[{"href":"https:\/\/podernacional.com\/index.php?rest_route=\/wp\/v2\/types\/post"}],"author":[{"embeddable":true,"href":"https:\/\/podernacional.com\/index.php?rest_route=\/wp\/v2\/users\/1"}],"replies":[{"embeddable":true,"href":"https:\/\/podernacional.com\/index.php?rest_route=%2Fwp%2Fv2%2Fcomments&post=9858"}],"version-history":[{"count":1,"href":"https:\/\/podernacional.com\/index.php?rest_route=\/wp\/v2\/posts\/9858\/revisions"}],"predecessor-version":[{"id":9859,"href":"https:\/\/podernacional.com\/index.php?rest_route=\/wp\/v2\/posts\/9858\/revisions\/9859"}],"wp:featuredmedia":[{"embeddable":true,"href":"https:\/\/podernacional.com\/index.php?rest_route=\/wp\/v2\/media\/9860"}],"wp:attachment":[{"href":"https:\/\/podernacional.com\/index.php?rest_route=%2Fwp%2Fv2%2Fmedia&parent=9858"}],"wp:term":[{"taxonomy":"category","embeddable":true,"href":"https:\/\/podernacional.com\/index.php?rest_route=%2Fwp%2Fv2%2Fcategories&post=9858"},{"taxonomy":"post_tag","embeddable":true,"href":"https:\/\/podernacional.com\/index.php?rest_route=%2Fwp%2Fv2%2Ftags&post=9858"}],"curies":[{"name":"wp","href":"https:\/\/api.w.org\/{rel}","templated":true}]}}