{"id":9882,"date":"2022-10-20T17:47:20","date_gmt":"2022-10-20T22:47:20","guid":{"rendered":"https:\/\/podernacional.com\/?p=9882"},"modified":"2022-10-20T22:47:22","modified_gmt":"2022-10-20T22:47:22","slug":"celebra-miq-50-anos-del-festival-internacional-cervantino-con-homenaje-a-artistas-guanajuatenses","status":"publish","type":"post","link":"https:\/\/podernacional.com\/?p=9882","title":{"rendered":"Celebra MIQ 50 a\u00f1os del Festival Internacional Cervantino con homenaje a artistas guanajuatenses"},"content":{"rendered":"<h4>Celebra Museo Iconogr\u00e1fico del Quijote los 50 a\u00f1os del Festival Internacional Cervantino (FIC).<\/h4>\n<p>MIQ 50 a\u00f1os: As\u00ed como su 35 aniversario con homenaje a Olga Costa y Jos\u00e9 Ch\u00e1vez Morado con la exposici\u00f3n \u201cInfinito Ox\u00edmoron Temporal\u201d.<\/p>\n<p>Ademas de que\u00a0invita a retomar los or\u00edgenes con la exposici\u00f3n colectiva \u201cLugares Cervantinos\u201d de artistas de Espa\u00f1a, M\u00e9xico, Italia y \u00c1frica.<\/p>\n<p>En octubre y noviembre, la propuesta de artes visuales en el Museo Iconogr\u00e1fico del Quijote (MIQ 50 a\u00f1os ).<\/p>\n<p>Ademas de que hace \u00e9nfasis a artistas guanajuatenses como Jos\u00e9 Ch\u00e1vez Morado y Olga Costa con la exposici\u00f3n \u201cInfinito Ox\u00edmoron Temporal\u201d.<\/p>\n<p>As\u00ed como con la exposici\u00f3n colectiva \u201cLugares Cervantinos\u201d representa el impacto de la figura y obra de Miguel de Cervantes Saavedra.<\/p>\n<p>Al igual que\u00a0su famoso personaje Don Quijote de la Mancha, para retomar los or\u00edgenes del Festival Internacional Cervantino en su 50 edici\u00f3n.<\/p>\n<p>Ademas del marco de las celebraciones por los 35 a\u00f1os del MIQ, el museo m\u00e1s cervantino de Am\u00e9rica.<\/p>\n<p>Infinito Ox\u00edmoron temporal es una exposici\u00f3n de m\u00e1s de 70 piezas conformada por dibujos, caricaturas, obra pl\u00e1stica y fotograf\u00edas.<\/p>\n<p>El cual\u00a0que tard\u00f3 3 a\u00f1os en gestarse seg\u00fan la curadora Grisell Villasana y que presenta una visi\u00f3n muy personal e \u00edntima de la vida.<\/p>\n<p>As\u00ed como de su obra de Jos\u00e9 Ch\u00e1vez Morado y Olga Costa, dos artistas guanajuatenses emblem\u00e1ticos, a quienes afirma:<\/p>\n<p>\u201cLes debemos la base de la cultura guanajuatense por la que todav\u00eda se opera\u201d.<\/p>\n<h4>As\u00ed\u00a0como los murales del museo de la Alh\u00f3ndiga de Granaditas o las restauraciones de lo que hoy es el Museo del Pueblo.<\/h4>\n<p>Es una exposici\u00f3n que presenta obra nunca antes vista de ambos personajes debido a que en parte es colecci\u00f3n privada.<\/p>\n<p>El cual es posible gracias a la colaboraci\u00f3n del MIQ con el Instituto Oviedo a trav\u00e9s de Cultura Sor Juana.<\/p>\n<p>As\u00ed como\u00a0el MiM Museo Universitario de la Universidad De La Salle Baj\u00edo y el archivo del Instituto Estatal de la Cultura de Guanajuato.<\/p>\n<p>Ademas de\u00a0que conforman este homenaje visual, disponible hasta enero del 2023<\/p>\n<p>\u201cLugares Cervantinos\u201d es una exposici\u00f3n colectiva de artistas provenientes de Espa\u00f1a-M\u00e9xico-Italia-\u00c1frica y Jap\u00f3n.<\/p>\n<p>Ademas de que rinden homenaje a la universal figura de Miguel De Cervantes Saavedra.<\/p>\n<p>El cual es con una serie de exposiciones itinerantes que resaltan no s\u00f3lo su genialidad literaria, sino su legado humanista.<\/p>\n<p>As\u00ed mismo como de sabidur\u00eda popular que despu\u00e9s de siglos transcurridos sigue vigentes.<\/p>\n<h4>Los artistas visuales:<\/h4>\n<p>Rita Vega Baeza, Cristina Burgue\u00f1o, Almudena Serrano Cuesta, Carmen Herv\u00e1s, Emerick Rodr\u00edguez, Sumi Hamano, Fernando Jim\u00e9nez.<\/p>\n<p>Ademas de\u00a0Andrea Paulina Barr\u00f3n Vega integran el \u201cGrupo Internacional de Artes Visuales Minotauro Azul\u201d.<\/p>\n<p>Por quien en colaboraci\u00f3n con Laura Gemma Flores directora de \u201cLa Puerta de Jano\u201d presentan esta exposici\u00f3n pict\u00f3rica.<\/p>\n<p>De esta manera, el Museo Iconogr\u00e1fico del Quijote forma parte del circuito de exposiciones de artes visuales durante el Festival Internacional Cervantino (FIC).<\/p>\n<p>Esto\u00a0en sinergia con el Instituto Estatal de la Cultura y la Universidad de Guanajuato.<\/p>\n<p>As\u00ed como con el objetivo de enriquecer la oferta art\u00edstica alineados a los prop\u00f3sitos de difundir la mayor colecci\u00f3n de obra de arte.<\/p>\n<p>La cual est\u00e1\u00a0inspirada en la figura y obra de Cervantes, impulsar el talento de artistas guanajuatenses, y potencializar el acceso a la cultura.<\/p>\n<p>Ademas del\u00a0arte y literatura en la poblaci\u00f3n, que a lo largo de 35 a\u00f1os ha motivado el quehacer el Museo Iconogr\u00e1fico del Quijote.<\/p>\n<p>El cual est\u00e1\u00a0en colaboraci\u00f3n con el Gobierno del Estado de Guanajuato y la Fundaci\u00f3n Cervantina de M\u00e9xico A.C.<\/p>\n<p>El evento de inauguraci\u00f3n estuvo presidido por la Dra. Marina N\u00fa\u00f1ez Bespalova (MIQ 50 a\u00f1os).<\/p>\n<p>La cual es\u00a0Subsecretaria de Desarrollo Cultural de la Secretaria de Cultura del Gobierno de M\u00e9xico.<\/p>\n<p>As\u00ed como \u00a0la Lic. Mariana Aymerich Ordo\u00f1ez, Directora del Festival Internacional Cervantino; el Lic. Onofre S\u00e1nchez Menchero.<\/p>\n<p>El cual es\u00a0Director General del Museo Iconogr\u00e1fico del Quijote; la Lic. Mar\u00eda Adriana Camarena de Obeso, Directora del Instituto Estatal de la Cultura.<\/p>\n<p>Ademas de la\u00a0Mtra. Paola Rebollo Huitr\u00f3n, Directora del Instituto Cultura Sor Juana del Instituto Oviedo, etc.<\/p>\n","protected":false},"excerpt":{"rendered":"<p>Celebra Museo Iconogr\u00e1fico del Quijote los 50 a\u00f1os del Festival Internacional Cervantino (FIC). MIQ 50 a\u00f1os: As\u00ed como su 35 aniversario con homenaje a Olga Costa y Jos\u00e9 Ch\u00e1vez Morado con la exposici\u00f3n \u201cInfinito Ox\u00edmoron Temporal\u201d. Ademas de que\u00a0invita a retomar los or\u00edgenes con la exposici\u00f3n colectiva \u201cLugares Cervantinos\u201d de artistas de Espa\u00f1a, M\u00e9xico, Italia [&hellip;]<\/p>\n","protected":false},"author":1,"featured_media":9884,"comment_status":"open","ping_status":"closed","sticky":false,"template":"","format":"standard","meta":{"footnotes":""},"categories":[2,5],"tags":[],"class_list":["post-9882","post","type-post","status-publish","format-standard","has-post-thumbnail","hentry","category-cultural","category-internacional"],"_links":{"self":[{"href":"https:\/\/podernacional.com\/index.php?rest_route=\/wp\/v2\/posts\/9882","targetHints":{"allow":["GET"]}}],"collection":[{"href":"https:\/\/podernacional.com\/index.php?rest_route=\/wp\/v2\/posts"}],"about":[{"href":"https:\/\/podernacional.com\/index.php?rest_route=\/wp\/v2\/types\/post"}],"author":[{"embeddable":true,"href":"https:\/\/podernacional.com\/index.php?rest_route=\/wp\/v2\/users\/1"}],"replies":[{"embeddable":true,"href":"https:\/\/podernacional.com\/index.php?rest_route=%2Fwp%2Fv2%2Fcomments&post=9882"}],"version-history":[{"count":1,"href":"https:\/\/podernacional.com\/index.php?rest_route=\/wp\/v2\/posts\/9882\/revisions"}],"predecessor-version":[{"id":9883,"href":"https:\/\/podernacional.com\/index.php?rest_route=\/wp\/v2\/posts\/9882\/revisions\/9883"}],"wp:featuredmedia":[{"embeddable":true,"href":"https:\/\/podernacional.com\/index.php?rest_route=\/wp\/v2\/media\/9884"}],"wp:attachment":[{"href":"https:\/\/podernacional.com\/index.php?rest_route=%2Fwp%2Fv2%2Fmedia&parent=9882"}],"wp:term":[{"taxonomy":"category","embeddable":true,"href":"https:\/\/podernacional.com\/index.php?rest_route=%2Fwp%2Fv2%2Fcategories&post=9882"},{"taxonomy":"post_tag","embeddable":true,"href":"https:\/\/podernacional.com\/index.php?rest_route=%2Fwp%2Fv2%2Ftags&post=9882"}],"curies":[{"name":"wp","href":"https:\/\/api.w.org\/{rel}","templated":true}]}}