{"id":9885,"date":"2022-10-20T18:00:22","date_gmt":"2022-10-20T23:00:22","guid":{"rendered":"https:\/\/podernacional.com\/?p=9885"},"modified":"2022-10-20T23:00:24","modified_gmt":"2022-10-20T23:00:24","slug":"amr-collection-anfitrion-del-cancun-travel-mart-2022","status":"publish","type":"post","link":"https:\/\/podernacional.com\/?p=9885","title":{"rendered":"AMR Collection, anfitri\u00f3n del Cancun Travel Mart 2022"},"content":{"rendered":"<h4>AMR Collection, empresa l\u00edder en gesti\u00f3n de marcas de hoteles en Norteam\u00e9rica, parte de Hyatt.<\/h4>\n<p>AMR Collection: Ademas de que fue el anfitri\u00f3n del cocktail de inauguraci\u00f3n de la 34 edici\u00f3n del Cancun Travel Mart, CTM, Mexico Summit.<\/p>\n<p>Durante el discurso de bienvenida, Gonzalo del Pe\u00f3n, Group President AMResorts Americas &amp; Global Commercial de AMResorts.<\/p>\n<p>Con esto se agradeci\u00f3 la presencia de empresarios y prestadores de la industria tur\u00edstica.<\/p>\n<p>As\u00ed como autoridades de los tres \u00f3rdenes de gobierno de Quintana Roo y el Gobierno de M\u00e9xico a la apertura oficial de CTM 2022.<\/p>\n<p>Del Pe\u00f3n expres\u00f3 que el Caribe Mexicano es y seguir\u00e1 siendo esencial para la operaci\u00f3n de la compa\u00f1\u00eda:<\/p>\n<p>Por ende nuestra presencia actual en de 25 hoteles con 8.549 habitaciones.<\/p>\n<p>Y en diciembre pr\u00f3ximo estaremos abriendo Secrets Impresion Moxch\u00e9, y para 2023 Secrets Impresi\u00f3n Isla Mujeres.<\/p>\n<p>As\u00ed como de Secrets Tulum Resorts &amp; Spa. Y estamos trabajando para continuar posicionando nuestras marcas.<\/p>\n<p>Gonzalo del Pe\u00f3n, Group President AMResorts Americas &amp; Global Commercial de AMResorts \u00a0Jes\u00fas Almaguer.<\/p>\n<p>El cual es presidente de la Asociaci\u00f3n de Hoteles de Canc\u00fan, Puerto Morelos e Isla Mujeres agradeci\u00f3 a toda la cadena productiva del sector turismo.<\/p>\n<p>Debido por el apoyo otorgado en los pasados 2 a\u00f1os que fueron complicados por temas como el Covid-19.<\/p>\n<p>As\u00ed como de la presencia de huracanes en la zona. \u00a0Y asegur\u00f3 que Quintana Roo est\u00e1 recuperado.<\/p>\n<h4>Con la representaci\u00f3n de Miguel Torruco Marqu\u00e9s, secretario de Turismo de M\u00e9xico, Humberto Hern\u00e1ndez Haddad.<\/h4>\n<p>El cual es subsecretario de Turismo de la Sectur, reconoci\u00f3 que la competencia por mostrar la oferta tur\u00edstica es ampl\u00edsima.<\/p>\n<p>Por ello consider\u00f3 que el CTM es un lugar adecuado para pedirle a los trabajadores seguir dando servicios de calidad y excelencia.<\/p>\n<p>As\u00ed como a los empresarios en mantener est\u00e1ndares de calidad y seguridad.<\/p>\n<p>\u2018Porque el turismo est\u00e1 llamado a ser uno de los pilares econ\u00f3micos fundamentales de nuestro pa\u00eds.<\/p>\n<p>Los yacimientos de petr\u00f3leo se extinguen las minas de oro y plata alg\u00fan d\u00eda se acaba.<\/p>\n<p>Pero ustedes en Quintana Roo tienen un yacimiento una mina, que es inagotable que es el turismo bien gestionado\u2019, indic\u00f3.<\/p>\n<p>Por su parte, Bernardo Cueto, secretario de Turismo de Quintana Roo, con la representaci\u00f3n de la Lic. Mara Lezama.<\/p>\n<p>Por ende la gobernadora del Estado de Quintana Roo, resalt\u00f3 que a octubre de 2022 Quintana Roo ha recibido m\u00e1s de 13 mill de turistas.<\/p>\n<p>Lo cual representa un 14 por ciento por encima de lo registrado en 2019.<\/p>\n<h4>Ademas de que es la totalidad de turistas que llegaron en 2021.<\/h4>\n<p>Al igual que est\u00e1 convirti\u00e9ndose en los pocos destinos en el mundo que pueden hablar de que tienen un crecimiento real.<\/p>\n<p>Cueto afirm\u00f3 que eventos como CTM coadyuvan en la recuperaci\u00f3n y consolidaci\u00f3n del crecimiento econ\u00f3mico de Quintana Roo.<\/p>\n<p>As\u00ed como en tener un estado que genera el 5 por ciento de las divisas que registra M\u00e9xico como pa\u00eds en actividades relativas al turismo.<\/p>\n<p>En el evento, estuvieron presentes la alcaldesa del Municipio de Puerto Morelos, Blanca Merari Tziu Mu\u00f1oz y Arturo Abreu Mar\u00edn.<\/p>\n<p>El cual es delegado de los Programas de Bienestar en Quintana Roo; Antonio Chaves, presidente de la Asociaci\u00f3n de Hoteles de la Riviera Maya (AHRM).<\/p>\n<p>Ademas de David Ortiz Mena, presidente de la Asociaci\u00f3n de Hoteles de Tulum (AHT).<\/p>\n","protected":false},"excerpt":{"rendered":"<p>AMR Collection, empresa l\u00edder en gesti\u00f3n de marcas de hoteles en Norteam\u00e9rica, parte de Hyatt. AMR Collection: Ademas de que fue el anfitri\u00f3n del cocktail de inauguraci\u00f3n de la 34 edici\u00f3n del Cancun Travel Mart, CTM, Mexico Summit. Durante el discurso de bienvenida, Gonzalo del Pe\u00f3n, Group President AMResorts Americas &amp; Global Commercial de AMResorts. [&hellip;]<\/p>\n","protected":false},"author":1,"featured_media":9887,"comment_status":"open","ping_status":"closed","sticky":false,"template":"","format":"standard","meta":{"footnotes":""},"categories":[6,10],"tags":[],"class_list":["post-9885","post","type-post","status-publish","format-standard","has-post-thumbnail","hentry","category-local","category-quintana-roo"],"_links":{"self":[{"href":"https:\/\/podernacional.com\/index.php?rest_route=\/wp\/v2\/posts\/9885","targetHints":{"allow":["GET"]}}],"collection":[{"href":"https:\/\/podernacional.com\/index.php?rest_route=\/wp\/v2\/posts"}],"about":[{"href":"https:\/\/podernacional.com\/index.php?rest_route=\/wp\/v2\/types\/post"}],"author":[{"embeddable":true,"href":"https:\/\/podernacional.com\/index.php?rest_route=\/wp\/v2\/users\/1"}],"replies":[{"embeddable":true,"href":"https:\/\/podernacional.com\/index.php?rest_route=%2Fwp%2Fv2%2Fcomments&post=9885"}],"version-history":[{"count":1,"href":"https:\/\/podernacional.com\/index.php?rest_route=\/wp\/v2\/posts\/9885\/revisions"}],"predecessor-version":[{"id":9886,"href":"https:\/\/podernacional.com\/index.php?rest_route=\/wp\/v2\/posts\/9885\/revisions\/9886"}],"wp:featuredmedia":[{"embeddable":true,"href":"https:\/\/podernacional.com\/index.php?rest_route=\/wp\/v2\/media\/9887"}],"wp:attachment":[{"href":"https:\/\/podernacional.com\/index.php?rest_route=%2Fwp%2Fv2%2Fmedia&parent=9885"}],"wp:term":[{"taxonomy":"category","embeddable":true,"href":"https:\/\/podernacional.com\/index.php?rest_route=%2Fwp%2Fv2%2Fcategories&post=9885"},{"taxonomy":"post_tag","embeddable":true,"href":"https:\/\/podernacional.com\/index.php?rest_route=%2Fwp%2Fv2%2Ftags&post=9885"}],"curies":[{"name":"wp","href":"https:\/\/api.w.org\/{rel}","templated":true}]}}