{"id":9897,"date":"2022-10-20T18:58:36","date_gmt":"2022-10-20T23:58:36","guid":{"rendered":"https:\/\/podernacional.com\/?p=9897"},"modified":"2022-10-20T23:58:38","modified_gmt":"2022-10-20T23:58:38","slug":"prepara-sector-turistico-un-comite-de-crisis","status":"publish","type":"post","link":"https:\/\/podernacional.com\/?p=9897","title":{"rendered":"Prepara sector tur\u00edstico un comit\u00e9 de crisis"},"content":{"rendered":"<h4>Jes\u00fas Almaguer, presidente de los hoteleros, asegura que el consejo brindar\u00e1 informaci\u00f3n correcta para evitar perder turistas.<\/h4>\n<p>Comit\u00e9 de crisis: Sector tur\u00edstico de Quintana Roo prepara un comit\u00e9 de crisis<\/p>\n<p>El sector hotelero, de la mano con las autoridades, busca crear un comit\u00e9 de crisis para brindar informaci\u00f3n.<\/p>\n<p>Esto sobre posibles contingencias e inseguridad p\u00fablica.<\/p>\n<p>Jes\u00fas Almaguer Salazar, presidente de la Asociaci\u00f3n de Hoteles de Canc\u00fan, Puerto Morelos e Isla Mujeres.<\/p>\n<p>La cual se adelant\u00f3 que ya est\u00e1n en pl\u00e1ticas con la Secretar\u00eda de Turismo y Consejo de Promoci\u00f3n Tur\u00edstica de Quintana Roo (CPTQ) para conformarlo.<\/p>\n<p>De acuerdo con el l\u00edder hotelero, dicho organismo tendr\u00e1 como fin ser el principal canal para informar los hechos no solo de inseguridad.<\/p>\n<p>As\u00ed como de temas como el sargazo y las playas, por mencionar algunos, que pueden afectar la imagen del destino.<\/p>\n<p>\u201cEs una agencia que estar\u00eda dando la informaci\u00f3n real sobre los hechos que ocurren\u201d.<\/p>\n<p>Ademas de que ya que la mayor parte de los temas sobre la entidad salen de casa\u201d.<\/p>\n<p>\u201cPero no siempre con la informaci\u00f3n que se requiere, es por ello que estamos buscando generar este acuerdo\u201d, explic\u00f3.<\/p>\n<h4>Sector tur\u00edstico de Quintana Roo prepara un comit\u00e9 de crisis<\/h4>\n<p>Comit\u00e9 brindara la informaci\u00f3n correcta para no perder turistas<\/p>\n<p>Puso como ejemplo Miami, ciudad estadounidense que atraviesa por la peor temporada de arribo de sargazo.<\/p>\n<p>Sin embargo, no hay alertas sobre el tema como sucede en Quintana Roo.<\/p>\n<p>Es por ello que buscan a trav\u00e9s de este comit\u00e9 dar a conocer todos los detalles.<\/p>\n<p>Si bien se reconocen hechos delictivos que han ocurrido en la entidad, es necesario que se brinde la informaci\u00f3n correcta para no perder turistas.<\/p>\n<p>Hasta el momento el arribo de turismo no ha tenido una afectaci\u00f3n.<\/p>\n<p>Por el contrario, Quintana Roo est\u00e1 recibiendo un buen n\u00famero de visitantes, gracias al trabajo coordinado entre las asociaciones y las autoridades.<\/p>\n<p>Ademas de quienes adem\u00e1s coadyuvan con los principales emisores.<\/p>\n<p>Dijo que espera que el comit\u00e9 est\u00e9 listo lo antes posible, con el fin de seguir atrayendo a los visitantes.<\/p>\n","protected":false},"excerpt":{"rendered":"<p>Jes\u00fas Almaguer, presidente de los hoteleros, asegura que el consejo brindar\u00e1 informaci\u00f3n correcta para evitar perder turistas. Comit\u00e9 de crisis: Sector tur\u00edstico de Quintana Roo prepara un comit\u00e9 de crisis El sector hotelero, de la mano con las autoridades, busca crear un comit\u00e9 de crisis para brindar informaci\u00f3n. Esto sobre posibles contingencias e inseguridad p\u00fablica. [&hellip;]<\/p>\n","protected":false},"author":1,"featured_media":9899,"comment_status":"open","ping_status":"closed","sticky":false,"template":"","format":"standard","meta":{"footnotes":""},"categories":[6,9,10],"tags":[],"class_list":["post-9897","post","type-post","status-publish","format-standard","has-post-thumbnail","hentry","category-local","category-politica","category-quintana-roo"],"_links":{"self":[{"href":"https:\/\/podernacional.com\/index.php?rest_route=\/wp\/v2\/posts\/9897","targetHints":{"allow":["GET"]}}],"collection":[{"href":"https:\/\/podernacional.com\/index.php?rest_route=\/wp\/v2\/posts"}],"about":[{"href":"https:\/\/podernacional.com\/index.php?rest_route=\/wp\/v2\/types\/post"}],"author":[{"embeddable":true,"href":"https:\/\/podernacional.com\/index.php?rest_route=\/wp\/v2\/users\/1"}],"replies":[{"embeddable":true,"href":"https:\/\/podernacional.com\/index.php?rest_route=%2Fwp%2Fv2%2Fcomments&post=9897"}],"version-history":[{"count":1,"href":"https:\/\/podernacional.com\/index.php?rest_route=\/wp\/v2\/posts\/9897\/revisions"}],"predecessor-version":[{"id":9898,"href":"https:\/\/podernacional.com\/index.php?rest_route=\/wp\/v2\/posts\/9897\/revisions\/9898"}],"wp:featuredmedia":[{"embeddable":true,"href":"https:\/\/podernacional.com\/index.php?rest_route=\/wp\/v2\/media\/9899"}],"wp:attachment":[{"href":"https:\/\/podernacional.com\/index.php?rest_route=%2Fwp%2Fv2%2Fmedia&parent=9897"}],"wp:term":[{"taxonomy":"category","embeddable":true,"href":"https:\/\/podernacional.com\/index.php?rest_route=%2Fwp%2Fv2%2Fcategories&post=9897"},{"taxonomy":"post_tag","embeddable":true,"href":"https:\/\/podernacional.com\/index.php?rest_route=%2Fwp%2Fv2%2Ftags&post=9897"}],"curies":[{"name":"wp","href":"https:\/\/api.w.org\/{rel}","templated":true}]}}