{"id":9903,"date":"2022-10-21T17:10:38","date_gmt":"2022-10-21T22:10:38","guid":{"rendered":"https:\/\/podernacional.com\/?p=9903"},"modified":"2022-10-21T22:10:41","modified_gmt":"2022-10-21T22:10:41","slug":"festival-de-ballet-de-la-habana-regresa-triunfal","status":"publish","type":"post","link":"https:\/\/podernacional.com\/?p=9903","title":{"rendered":"Festival de Ballet de La Habana regresa triunfal"},"content":{"rendered":"<h4>La bailarina Anette Delgado interpreta en el 27o Festival de Ballet de La Habana en el Teatro Nacional<\/h4>\n<p>El Festival Internacional de Ballet de La Habana regres\u00f3 triunfal a los escenarios el jueves por la noche para recuperar su espacio.<\/p>\n<p>Esto\u00a0como una de las muestras m\u00e1s importantes del g\u00e9nero tras el deceso de su legendaria directora Alicia Alonso y luego de a\u00f1os de pandemia.<\/p>\n<p>La inauguraci\u00f3n del festival en Teatro Nacional de La Habana cont\u00f3 con el tradicional desfile de la compa\u00f1\u00eda.<\/p>\n<p>La cual est\u00e1\u00a0encabezada actualmente por la primera bailarina Viengsay Vald\u00e9s luego de seis d\u00e9cadas de invaluable direcci\u00f3n de Alonso.<\/p>\n<p>La gala incluy\u00f3 una presentaci\u00f3n de los cuatro movimientos de la S\u00e9ptima Sinfon\u00eda de Beethoven.<\/p>\n<p>Los int\u00e9rpretes Anette Delgado, Dani Hern\u00e1ndez, Sadaise Arencibia, Dar\u00edo H\u00e9rn\u00e1ndez, Mar\u00eda Luisa M\u00e1rquez.<\/p>\n<p>As\u00ed como de Yankiel V\u00e1zquez encabezaron el elenco del Ballet Nacional de Cuba (BNC).<\/p>\n<p>\u201cEstamos retomando tras la pausa de la pandemia\u201d, dijo Vald\u00e9s, durante una conferencia de prensa previa a la gala.<\/p>\n<p>\u201cVolvemos con un esp\u00edritu renovar en el sentido que queremos combinar tradici\u00f3n con contemporaneidad\u201d.<\/p>\n<p>El Festival Internacional de Ballet de La Habana, que llega a su edici\u00f3n 27, es el m\u00e1s antiguo de su tipo.<\/p>\n<p>Ademas de que fue uno de los logros m\u00e1s destacados de Alonso, una leyenda de la danza que fund\u00f3 el BNC.<\/p>\n<h4>As\u00ed como\u00a0la escuela cubana de ballet.<\/h4>\n<p>La edici\u00f3n 2022 del festival, que se ha caracterizado hist\u00f3ricamente por no ser competitivo.<\/p>\n<p>Al igual que de convocar algunas de las figuras y compa\u00f1\u00edas mundiales m\u00e1s destacadas, se desarrollar\u00e1 hasta el 13 de noviembre.<\/p>\n<p>Entre los invitados est\u00e1n los bailarines espa\u00f1oles Joaqu\u00edn de Luz, Ciro Tamayo y el core\u00f3grafo Roser Mu\u00f1oz; los rusos Mar\u00eda Kochetkova y Semyon Chudin.<\/p>\n<p>As\u00ed como\u00a0el brasile\u00f1o Gustavo Carvalho, la argentina Ana Sophia Scheller; y los mexicanos Lorena Garc\u00eda y Erick Rodr\u00edguez.<\/p>\n<p>Tambi\u00e9n habr\u00e1 compa\u00f1\u00edas de Argentina, M\u00e9xico y Espa\u00f1a, adem\u00e1s de locales como Acosta Danza &#8211; del ilustre cubano Carlos Acosta.<\/p>\n<p>La cual es figura estelar del Ballet Real de Londres &#8211; as\u00ed como del BNC anfitri\u00f3n.<\/p>\n<p>Uno de los momentos m\u00e1s esperados del festival ser\u00e1 la funci\u00f3n de Giselle del 2 de noviembre.<\/p>\n<p>Ademas de que conmemorar\u00e1 el debut de Alonso junto al American Ballet Theatre de Nueva York en 1943, momento que la lanz\u00f3 al estrellato.<\/p>\n<p>Alonso falleci\u00f3 en octubre de 2019 a los 98 a\u00f1os de edad, siendo a\u00fan la directora del BNC.<\/p>\n","protected":false},"excerpt":{"rendered":"<p>La bailarina Anette Delgado interpreta en el 27o Festival de Ballet de La Habana en el Teatro Nacional El Festival Internacional de Ballet de La Habana regres\u00f3 triunfal a los escenarios el jueves por la noche para recuperar su espacio. Esto\u00a0como una de las muestras m\u00e1s importantes del g\u00e9nero tras el deceso de su legendaria [&hellip;]<\/p>\n","protected":false},"author":1,"featured_media":9905,"comment_status":"open","ping_status":"closed","sticky":false,"template":"","format":"standard","meta":{"footnotes":""},"categories":[2,5],"tags":[],"class_list":["post-9903","post","type-post","status-publish","format-standard","has-post-thumbnail","hentry","category-cultural","category-internacional"],"_links":{"self":[{"href":"https:\/\/podernacional.com\/index.php?rest_route=\/wp\/v2\/posts\/9903","targetHints":{"allow":["GET"]}}],"collection":[{"href":"https:\/\/podernacional.com\/index.php?rest_route=\/wp\/v2\/posts"}],"about":[{"href":"https:\/\/podernacional.com\/index.php?rest_route=\/wp\/v2\/types\/post"}],"author":[{"embeddable":true,"href":"https:\/\/podernacional.com\/index.php?rest_route=\/wp\/v2\/users\/1"}],"replies":[{"embeddable":true,"href":"https:\/\/podernacional.com\/index.php?rest_route=%2Fwp%2Fv2%2Fcomments&post=9903"}],"version-history":[{"count":1,"href":"https:\/\/podernacional.com\/index.php?rest_route=\/wp\/v2\/posts\/9903\/revisions"}],"predecessor-version":[{"id":9904,"href":"https:\/\/podernacional.com\/index.php?rest_route=\/wp\/v2\/posts\/9903\/revisions\/9904"}],"wp:featuredmedia":[{"embeddable":true,"href":"https:\/\/podernacional.com\/index.php?rest_route=\/wp\/v2\/media\/9905"}],"wp:attachment":[{"href":"https:\/\/podernacional.com\/index.php?rest_route=%2Fwp%2Fv2%2Fmedia&parent=9903"}],"wp:term":[{"taxonomy":"category","embeddable":true,"href":"https:\/\/podernacional.com\/index.php?rest_route=%2Fwp%2Fv2%2Fcategories&post=9903"},{"taxonomy":"post_tag","embeddable":true,"href":"https:\/\/podernacional.com\/index.php?rest_route=%2Fwp%2Fv2%2Ftags&post=9903"}],"curies":[{"name":"wp","href":"https:\/\/api.w.org\/{rel}","templated":true}]}}