{"id":9912,"date":"2022-10-21T17:29:55","date_gmt":"2022-10-21T22:29:55","guid":{"rendered":"https:\/\/podernacional.com\/?p=9912"},"modified":"2022-10-21T22:29:57","modified_gmt":"2022-10-21T22:29:57","slug":"el-festival-internacional-de-cine-de-morelia-celebra-su-vigesimo-aniversario-fechas-sedes-peliculas-destacadas-y-lo-que-hay-que-saber","status":"publish","type":"post","link":"https:\/\/podernacional.com\/?p=9912","title":{"rendered":"El Festival Internacional de Cine de Morelia celebra su vig\u00e9simo aniversario: fechas, sedes, pel\u00edculas destacadas y lo que hay que saber"},"content":{"rendered":"<h4>El Festival Internacional de Cine de Morelia ha logrado constituirse como una palestra cinematogr\u00e1fica internacional y un trampol\u00edn para cineastas mexicanos<\/h4>\n<p>El Festival Internacional de Cine de Morelia 2022 celebra veinte a\u00f1os.<\/p>\n<p>Siempre es buen momento para celebrar el cine.<\/p>\n<p>Y una de las fiestas de inter\u00e9s mundial llega a su vig\u00e9simo aniversario con una cartelera robusta y una larga lista de invitados.<\/p>\n<p>Ademas de que se trata del Festival Internacional de Cine de Morelia, que se lleva a cabo del 22 al 29 de octubre.<\/p>\n<p>La edici\u00f3n n\u00famero 20 del FICM vuelve a su modalidad presencial con un cartel repleto de pel\u00edculas, cortometrajes y documentales.<\/p>\n<p>As\u00ed como charlas, conferencias y funciones especiales. Por abrir boca: en la ceremonia inaugural se presenta, de la mano con Netflix.<\/p>\n<p>Ademas de la m\u00e1s reciente pel\u00edcula del director Alejandro Gonz\u00e1lez I\u00f1\u00e1rritu, BARDO, Falsa Cro\u0301nica de Unas Cuantas Verdades.<\/p>\n<p>El evento contar\u00e1 con la presencia del director mexicano la noche del 22 de octubre.<\/p>\n<p>Adem\u00e1s, dentro de la gala de esta edici\u00f3n, se tiene programado el estreno latinoamericano de Pinocho.<\/p>\n<p>As\u00ed como de\u00a0la apuesta alternativa de Guillermo del Toro al cuento fant\u00e1stico del italiano Carlo Collodi.<\/p>\n<h4>Para este a\u00f1o se proyectar\u00e1n tambi\u00e9n algunas pel\u00edculas de forma virtual a trav\u00e9s de canales y plataformas como:<\/h4>\n<p>Cin\u00e9polis Klic, FilminLatino y Canal 22. Las sedes habilitadas para los asistentes en la capital michoacana son:<\/p>\n<p>Cin\u00e9polis Morelia Centro, Cin\u00e9polis Plaza Las Am\u00e9ricas, Teatro Mariano Matamoros, Centro Cultural Universitario y Plaza Benito Ju\u00e1rez.<\/p>\n<p>El programa oficial del FICM 2022, as\u00ed como el cat\u00e1logo digital con la lista y calendario de eventos.<\/p>\n<p>Ademas de que estar\u00e1n disponibles gratuitamente en versi\u00f3n descargable en la p\u00e1gina web del festival.<\/p>\n<p>La competencia entre algunos g\u00e9neros audiovisuales hechos en M\u00e9xico ha sido la base que sostiene a la FICM desde su fundaci\u00f3n.<\/p>\n<p>En la programaci\u00f3n de este a\u00f1o se cuentan 59 cortometrajes, 15 largometrajes documentales, 11 obras michoacanas y 10 largometrajes.<\/p>\n<p>Mencionan que todos realizados por cineastas nacionales que buscan dar visibilidad a sus obras.<\/p>\n<p>Tal como se ha hecho en pasadas ediciones, los ganadores de categor\u00edas como cortometraje de ficci\u00f3n, documental, animaci\u00f3n.<\/p>\n<p>Ademas de su largometraje documental, ser\u00e1n propuestos como candidatos a nominaci\u00f3n para el Premio Oscar.<\/p>\n","protected":false},"excerpt":{"rendered":"<p>El Festival Internacional de Cine de Morelia ha logrado constituirse como una palestra cinematogr\u00e1fica internacional y un trampol\u00edn para cineastas mexicanos El Festival Internacional de Cine de Morelia 2022 celebra veinte a\u00f1os. Siempre es buen momento para celebrar el cine. Y una de las fiestas de inter\u00e9s mundial llega a su vig\u00e9simo aniversario con una [&hellip;]<\/p>\n","protected":false},"author":1,"featured_media":9914,"comment_status":"open","ping_status":"closed","sticky":false,"template":"","format":"standard","meta":{"footnotes":""},"categories":[2,5],"tags":[],"class_list":["post-9912","post","type-post","status-publish","format-standard","has-post-thumbnail","hentry","category-cultural","category-internacional"],"_links":{"self":[{"href":"https:\/\/podernacional.com\/index.php?rest_route=\/wp\/v2\/posts\/9912","targetHints":{"allow":["GET"]}}],"collection":[{"href":"https:\/\/podernacional.com\/index.php?rest_route=\/wp\/v2\/posts"}],"about":[{"href":"https:\/\/podernacional.com\/index.php?rest_route=\/wp\/v2\/types\/post"}],"author":[{"embeddable":true,"href":"https:\/\/podernacional.com\/index.php?rest_route=\/wp\/v2\/users\/1"}],"replies":[{"embeddable":true,"href":"https:\/\/podernacional.com\/index.php?rest_route=%2Fwp%2Fv2%2Fcomments&post=9912"}],"version-history":[{"count":1,"href":"https:\/\/podernacional.com\/index.php?rest_route=\/wp\/v2\/posts\/9912\/revisions"}],"predecessor-version":[{"id":9913,"href":"https:\/\/podernacional.com\/index.php?rest_route=\/wp\/v2\/posts\/9912\/revisions\/9913"}],"wp:featuredmedia":[{"embeddable":true,"href":"https:\/\/podernacional.com\/index.php?rest_route=\/wp\/v2\/media\/9914"}],"wp:attachment":[{"href":"https:\/\/podernacional.com\/index.php?rest_route=%2Fwp%2Fv2%2Fmedia&parent=9912"}],"wp:term":[{"taxonomy":"category","embeddable":true,"href":"https:\/\/podernacional.com\/index.php?rest_route=%2Fwp%2Fv2%2Fcategories&post=9912"},{"taxonomy":"post_tag","embeddable":true,"href":"https:\/\/podernacional.com\/index.php?rest_route=%2Fwp%2Fv2%2Ftags&post=9912"}],"curies":[{"name":"wp","href":"https:\/\/api.w.org\/{rel}","templated":true}]}}