{"id":9924,"date":"2022-10-21T18:54:23","date_gmt":"2022-10-21T23:54:23","guid":{"rendered":"https:\/\/podernacional.com\/?p=9924"},"modified":"2022-10-21T23:54:25","modified_gmt":"2022-10-21T23:54:25","slug":"unitec-anuncia-a-los-5-ganadores-del-premios-a-la-innovacion-tecnologica-para-el-desarrollo-social-2022","status":"publish","type":"post","link":"https:\/\/podernacional.com\/?p=9924","title":{"rendered":"UNITEC anuncia a los 5 ganadores del Premios a la Innovaci\u00f3n Tecnol\u00f3gica para el Desarrollo Social 2022"},"content":{"rendered":"<h4>Los ganadores recibieron 75,000 pesos y capacitaci\u00f3n para potenciar sus proyectos (Especial)<\/h4>\n<p>UNITEC: Proyectos enfocados en el el reciclaje, cuidado del agua, cuidado al sector agrario y del medio ambiente en general.<\/p>\n<p>Los cuales\u00a0fueron los ganadores de los Premios a la Innovaci\u00f3n Tecnol\u00f3gica para el Desarrollo Social 2022.<\/p>\n<p>Proyectos enfocados en el reciclaje, cuidado del agua, cuidado al sector agrario y del medio ambiente en general.<\/p>\n<p>Con esto fueron las iniciativas ganadoras de los Premios a la Innovaci\u00f3n Tecnol\u00f3gica para el Desarrollo Social 2022.<\/p>\n<p>Ademas de que est\u00e1n\u00a0organizados por la Universidad Tecnol\u00f3gica de M\u00e9xico (UNITEC).<\/p>\n<p>Ademas de que celebra su novena edici\u00f3n con el fin de apoyar la innovaci\u00f3n tecnol\u00f3gica de los j\u00f3venes del pa\u00eds.<\/p>\n<h4>\u201cTenemos compromiso de apoyar a la innovaci\u00f3n tecnol\u00f3gica orientada al desarrollo social\u201d.<\/h4>\n<p>\u201cAdemas que\u00a0los Premios a la Innovaci\u00f3n Tecnol\u00f3gica para el Desarrollo Social son un claro ejemplo de ello\u201d.<\/p>\n<p>\u201cEstamos muy orgullosos de poder entregar por novena ocasi\u00f3n estos reconocimientos a cinco grandes iniciativas\u201d.<\/p>\n<p>\u201cAdemas que seguramente tendr\u00e1n un impacto considerable en la Innovaci\u00f3n y Desarrollo Social de M\u00e9xico\u201d.<\/p>\n<p>Lo cual lo\u00a0declar\u00f3 Marcelo Cardoso, Vicepresidente y Director Operativo de Laureate M\u00e9xico.<\/p>\n<p>Los cinco proyectos elegidos se eligieron entre 49 propuestas, y como premio, adem\u00e1s del galard\u00f3n, obtuvieron 75,000 pesos.<\/p>\n<p>As\u00ed como un programa de entrenamiento intensivo para potenciar mejor su idea y el apoyo para difundir su iniciativa en el pa\u00eds.<\/p>\n<p>\u201cSin duda alguna, en un par de a\u00f1os veremos c\u00f3mo estas semillas echar\u00e1n ra\u00edces y convertir\u00e1n en grandes iniciativas que impulsar\u00e1n al M\u00e9xico del ma\u00f1ana\u201d.<\/p>\n<p>\u201cSigan cristalizando sus ideas, nuestro M\u00e9xico los necesita\u201d, resalt\u00f3 Cardoso.<\/p>\n<p>Los ganadores se eligieron por su potencial, la capacidad de ejecuci\u00f3n as\u00ed como el impacto que tendr\u00e1n en el ecosistema. Los elegidos son:<\/p>\n<h4>MAROD<\/h4>\n<p>Katya Lizeth G\u00f3mez Vargas, alumna de la UNITEC Campus Ecatepec.<\/p>\n<p>Ademas de que dise\u00f1\u00f3 una estrategia enfocada en generar un sistema automatizado de persianas de materiales reciclados.<\/p>\n<p>Al igual que almacenan energ\u00eda solar a partir de la integraci\u00f3n de fotoceldas seguidoras de luz, logrando iluminar habitaciones con poco acceso a luz solar.<\/p>\n<p>Potabilizaci\u00f3n de agua por ondas de alta frecuencia<\/p>\n<p>El proyecto fue presentado por Yissel Julieta Trujillo Cort\u00e9s, de la Universidad ISU.<\/p>\n<p>Ademas\u00a0que consiste en producir dispositivos de purificaci\u00f3n y eliminaci\u00f3n de bacterias coliformes en el agua a partir de ondas sonoras de alta frecuencia.<\/p>\n<h4>Plasmacell<\/h4>\n<p>Laura Rosina Torres Ortega, de la Universidad Nacional Aut\u00f3noma de M\u00e9xico, ten\u00eda como objetivo atender las lesiones de la piel.<\/p>\n<p>Para lo cual desarroll\u00f3 un spray bas\u00e1ndose en el plasma fr\u00edo, lo que exalta sus propiedades de proliferaci\u00f3n celular y antimicrobianas.<\/p>\n<p>As\u00ed como\u00a0con lo que podr\u00e1 ayudar a acelerar la cicatrizaci\u00f3n sin causar dolor como ocurre con los m\u00e9todos\u00a0tradicionales.<\/p>\n<h4>Celal-Mex<\/h4>\n<p>Adolfo Mart\u00edn Mondrag\u00f3n Espinal, del Instituto Tecnol\u00f3gico y de Estudios Superiores de Monterrey.<\/p>\n<p>Ademas de que\u00a0trabaj\u00f3 en fabricar celulosa y biopl\u00e1sticos a partir de residuos org\u00e1nicos de la industria pi\u00f1era.<\/p>\n<p>Con esto, su misi\u00f3n es lograr la integraci\u00f3n de una econom\u00eda circular en el sector agrario.<\/p>\n<h4>Biojuajma<\/h4>\n<p>Alma Lorena Mondrag\u00f3n Espinal, de la Universidad mexiquense del Bicentenario.<\/p>\n<p>Con esto, se inspira en la biogeneraci\u00f3n de suelo a partir de la biotransferencia de nutrientes, con lo que logra un efecto de remineralizaci\u00f3n.<\/p>\n<p>Al igual que de\u00a0recuperaci\u00f3n de la porosidad de un suelo seco sin saturar. Con esta idea, se pueden tener cultivos con rendimientos mejorados.<\/p>\n<p>&nbsp;<\/p>\n","protected":false},"excerpt":{"rendered":"<p>Los ganadores recibieron 75,000 pesos y capacitaci\u00f3n para potenciar sus proyectos (Especial) UNITEC: Proyectos enfocados en el el reciclaje, cuidado del agua, cuidado al sector agrario y del medio ambiente en general. Los cuales\u00a0fueron los ganadores de los Premios a la Innovaci\u00f3n Tecnol\u00f3gica para el Desarrollo Social 2022. Proyectos enfocados en el reciclaje, cuidado del [&hellip;]<\/p>\n","protected":false},"author":1,"featured_media":9926,"comment_status":"open","ping_status":"closed","sticky":false,"template":"","format":"standard","meta":{"footnotes":""},"categories":[7,9,13],"tags":[],"class_list":["post-9924","post","type-post","status-publish","format-standard","has-post-thumbnail","hentry","category-nacional","category-politica","category-tecnologia"],"_links":{"self":[{"href":"https:\/\/podernacional.com\/index.php?rest_route=\/wp\/v2\/posts\/9924","targetHints":{"allow":["GET"]}}],"collection":[{"href":"https:\/\/podernacional.com\/index.php?rest_route=\/wp\/v2\/posts"}],"about":[{"href":"https:\/\/podernacional.com\/index.php?rest_route=\/wp\/v2\/types\/post"}],"author":[{"embeddable":true,"href":"https:\/\/podernacional.com\/index.php?rest_route=\/wp\/v2\/users\/1"}],"replies":[{"embeddable":true,"href":"https:\/\/podernacional.com\/index.php?rest_route=%2Fwp%2Fv2%2Fcomments&post=9924"}],"version-history":[{"count":1,"href":"https:\/\/podernacional.com\/index.php?rest_route=\/wp\/v2\/posts\/9924\/revisions"}],"predecessor-version":[{"id":9925,"href":"https:\/\/podernacional.com\/index.php?rest_route=\/wp\/v2\/posts\/9924\/revisions\/9925"}],"wp:featuredmedia":[{"embeddable":true,"href":"https:\/\/podernacional.com\/index.php?rest_route=\/wp\/v2\/media\/9926"}],"wp:attachment":[{"href":"https:\/\/podernacional.com\/index.php?rest_route=%2Fwp%2Fv2%2Fmedia&parent=9924"}],"wp:term":[{"taxonomy":"category","embeddable":true,"href":"https:\/\/podernacional.com\/index.php?rest_route=%2Fwp%2Fv2%2Fcategories&post=9924"},{"taxonomy":"post_tag","embeddable":true,"href":"https:\/\/podernacional.com\/index.php?rest_route=%2Fwp%2Fv2%2Ftags&post=9924"}],"curies":[{"name":"wp","href":"https:\/\/api.w.org\/{rel}","templated":true}]}}