{"id":9927,"date":"2022-10-21T19:01:38","date_gmt":"2022-10-22T00:01:38","guid":{"rendered":"https:\/\/podernacional.com\/?p=9927"},"modified":"2022-10-22T00:01:40","modified_gmt":"2022-10-22T00:01:40","slug":"encabeza-mara-lezama-dialogo-empresarial-por-quintana-roo","status":"publish","type":"post","link":"https:\/\/podernacional.com\/?p=9927","title":{"rendered":"Encabeza Mara Lezama Di\u00e1logo Empresarial por Quintana Roo"},"content":{"rendered":"<h4>\u00bbPara mi administraci\u00f3n es muy importante conocer los retos y oportunidades del sector\u00bb, se\u00f1ala la gobernadora<\/h4>\n<p>Di\u00e1logo Empresarial: La gobernadora del estado, Mara Lezama Espinosa, particip\u00f3 en el Di\u00e1logo Empresarial por Quintana Roo, en el que estuvieron afiliados a la Coparmex.<\/p>\n<p>Por ende, donde expres\u00f3 que asumir compromisos mutuos en el Nuevo Acuerdo por Bienestar y Desarrollo permitir\u00e1 transformar la vida de las y los ciudadanos.<\/p>\n<p>Durante el di\u00e1logo, realizado este viernes, la gobernadora Mara Lezama precis\u00f3 que en esta administraci\u00f3n siempre privilegiar\u00e1.<\/p>\n<p>Ademas de que propiciar\u00e1 encuentros de este tipo, en una nueva forma de gobernar, para fortalecer alianzas que permitan generar prosperidad y bienestar compartido.<\/p>\n<p>Mara Lezama, acompa\u00f1ada de Ang\u00e9lica Fr\u00edas Gonz\u00e1lez, presidente de Coparmex Canc\u00fan; Josefina Huguette Hern\u00e1ndez G\u00f3mez.<\/p>\n<h4>La cual es\u00a0secretaria de Ecolog\u00eda y Medio Ambiente (Sema).<\/h4>\n<p>As\u00ed como de empresarios de cadenas productivas, escuch\u00f3 las intervenciones y dudas de quienes participaron.<\/p>\n<p>\u201cPara mi administraci\u00f3n es muy importante conocer los retos, las oportunidades\u201d.<\/p>\n<p>\u201cAs\u00ed como \u00a0horizonte que perciben las y los empresarios en el corto, mediano y largo plazo\u201d, expres\u00f3.<\/p>\n<p>A\u00f1adi\u00f3 que establecer v\u00ednculos con cada sector que integra la maquinaria har\u00e1 posible generar el crecimiento compartido para transformar a Quintana Roo.<\/p>\n<p>Afirm\u00f3 que esta es una meta realizable y por la que todos trabajan.<\/p>\n<p>La cual es raz\u00f3n por la que ha estado tocando puertas todas las semanas en Ciudad de M\u00e9xico.<\/p>\n<p>Ademas de con el gobierno federal, y en otras latitudes del estado.<\/p>\n<p>Cit\u00f3 resultados alcanzados en menos de un mes, como m\u00e1s inversi\u00f3n en salud p\u00fablica, turismo.<\/p>\n<p>As\u00ed como\u00a0facilitar a la gente que necesita un Banco del Bienestar y una oficina m\u00f3vil del SAT para no perder un d\u00eda de trabajo.<\/p>\n<h4>Destac\u00f3 que como resultado de las gestiones que tuvo en el SAT.<\/h4>\n<p>Ademas de que se logr\u00f3 que en pr\u00f3ximas fechas se activen las Caravanas M\u00f3viles en Chetumal, Canc\u00fan y dem\u00e1s municipios del estado.<\/p>\n<p>Al explicar los alcances de la reuni\u00f3n, la presidente de Coparmex Canc\u00fan expres\u00f3 que los integrantes del organismo est\u00e1n dispuestos a trabajar.<\/p>\n<p>Esto\u00a0para que nadie se quede atr\u00e1s, crear un plan de desarrollo inclusivo.<\/p>\n<p>Tambi\u00e9n con un medio ambiente sustentable que permita el sano crecimiento del destino.<\/p>\n<p>La titular de Sema, Hern\u00e1ndez G\u00f3mez, destac\u00f3 que habr\u00e1 un acuerdo de entendimiento entre servidores p\u00fablicos.<\/p>\n<p>Al igual que de empresarios para desarrollar proyectos sustentables, por lo que se trabaja en una agenda ambiental.<\/p>\n<p>Entre los planteamientos empresariales destacaron la necesidad de evaluar la operatividad de los hoteles en una alianza entre los municipios.<\/p>\n<p>As\u00ed como de los\u00a0Turismo y Sema para ofrecer un destino m\u00e1s sustentable.<\/p>\n<p>Ademas de\u00a0revisar las concesiones de transporte para tener un crecimiento equilibrados del transporte que procure la movilidad.<\/p>\n<p>Al igual que de regular los reglamentos para generar empleos dignos.<\/p>\n","protected":false},"excerpt":{"rendered":"<p>\u00bbPara mi administraci\u00f3n es muy importante conocer los retos y oportunidades del sector\u00bb, se\u00f1ala la gobernadora Di\u00e1logo Empresarial: La gobernadora del estado, Mara Lezama Espinosa, particip\u00f3 en el Di\u00e1logo Empresarial por Quintana Roo, en el que estuvieron afiliados a la Coparmex. Por ende, donde expres\u00f3 que asumir compromisos mutuos en el Nuevo Acuerdo por Bienestar [&hellip;]<\/p>\n","protected":false},"author":1,"featured_media":9929,"comment_status":"open","ping_status":"closed","sticky":false,"template":"","format":"standard","meta":{"footnotes":""},"categories":[6,9,10],"tags":[],"class_list":["post-9927","post","type-post","status-publish","format-standard","has-post-thumbnail","hentry","category-local","category-politica","category-quintana-roo"],"_links":{"self":[{"href":"https:\/\/podernacional.com\/index.php?rest_route=\/wp\/v2\/posts\/9927","targetHints":{"allow":["GET"]}}],"collection":[{"href":"https:\/\/podernacional.com\/index.php?rest_route=\/wp\/v2\/posts"}],"about":[{"href":"https:\/\/podernacional.com\/index.php?rest_route=\/wp\/v2\/types\/post"}],"author":[{"embeddable":true,"href":"https:\/\/podernacional.com\/index.php?rest_route=\/wp\/v2\/users\/1"}],"replies":[{"embeddable":true,"href":"https:\/\/podernacional.com\/index.php?rest_route=%2Fwp%2Fv2%2Fcomments&post=9927"}],"version-history":[{"count":1,"href":"https:\/\/podernacional.com\/index.php?rest_route=\/wp\/v2\/posts\/9927\/revisions"}],"predecessor-version":[{"id":9928,"href":"https:\/\/podernacional.com\/index.php?rest_route=\/wp\/v2\/posts\/9927\/revisions\/9928"}],"wp:featuredmedia":[{"embeddable":true,"href":"https:\/\/podernacional.com\/index.php?rest_route=\/wp\/v2\/media\/9929"}],"wp:attachment":[{"href":"https:\/\/podernacional.com\/index.php?rest_route=%2Fwp%2Fv2%2Fmedia&parent=9927"}],"wp:term":[{"taxonomy":"category","embeddable":true,"href":"https:\/\/podernacional.com\/index.php?rest_route=%2Fwp%2Fv2%2Fcategories&post=9927"},{"taxonomy":"post_tag","embeddable":true,"href":"https:\/\/podernacional.com\/index.php?rest_route=%2Fwp%2Fv2%2Ftags&post=9927"}],"curies":[{"name":"wp","href":"https:\/\/api.w.org\/{rel}","templated":true}]}}