{"id":9948,"date":"2022-10-22T12:29:35","date_gmt":"2022-10-22T17:29:35","guid":{"rendered":"https:\/\/podernacional.com\/?p=9948"},"modified":"2022-10-22T17:29:37","modified_gmt":"2022-10-22T17:29:37","slug":"cancun-garantizan-transporte-nocturno-en-plaza-las-americas","status":"publish","type":"post","link":"https:\/\/podernacional.com\/?p=9948","title":{"rendered":"Canc\u00fan: garantizan transporte nocturno en plaza \u2018Las Am\u00e9ricas\u2019"},"content":{"rendered":"<h4>Ante el reporte de amenazas contra operadores del transporte p\u00fablico por parte de taxistas en Canc\u00fan.<\/h4>\n<p>Transporte nocturno: Ademas de autoridades del Ayuntamiento de Benito Ju\u00e1rez sostuvieron mesas de di\u00e1logo con representantes de ambas partes.<\/p>\n<p>Esto\u00a0con el fin de dar soluci\u00f3n al problema que afecta directamente a la ciudadan\u00eda.<\/p>\n<p>En un comunicado, el secretario general del Ayuntamiento, Jorge Carlos Aguilar Osorio.<\/p>\n<p>Ademas de que\u00a0se\u00f1al\u00f3 que existen varias denuncias interpuestas ante la Fiscal\u00eda General del Estado (FGE) de conductores de autobuses amenazados.<\/p>\n<p>Esto\u00a0por prestar el servicio de la media noche, horario autorizado en sus concesiones.<\/p>\n<p>A\u00f1adi\u00f3 que este tipo de acciones no se van a tolerar y deben ser solucionadas para no poner en peligro.<\/p>\n<p>As\u00ed como a ning\u00fan ciudadano, ya sea conductor o pasajero.<\/p>\n<p>Para dar atenci\u00f3n a esto inform\u00f3 que, por instrucciones de la presidenta municipal, Ana Patricia Peralta.<\/p>\n<h4>Esto\u00a0en reuni\u00f3n con los l\u00edderes del Sindicato de Taxistas se aclar\u00f3 que desde el gobierno municipal se tomar\u00e1n medidas contundentes.<\/h4>\n<p>Esto para poner orden y evitar mayores afectaciones (Transporte nocturno).<\/p>\n<p>Aguilar Osorio advirti\u00f3 que, si las amenazas no cesan, se levantar\u00e1n las denuncias correspondientes ante el Imoveqro.<\/p>\n<p>Al igual que\u00a0la Secretar\u00eda de Gobierno del Estado para el retiro de concesiones de quienes contin\u00faen realizando disturbios al orden p\u00fablico.<\/p>\n<p>Tambi\u00e9n podr\u00edan presentar una iniciativa para ampliar el horario de servicio de autobuses hasta despu\u00e9s de la media noche.<\/p>\n<p>Destac\u00f3 que lo m\u00e1s importante es que el gobierno municipal, de la mano con las concesionarias.<\/p>\n<p>Al igual que\u00a0garantice a los cancunenses un servicio de transporte p\u00fablico seguro y de calidad.<\/p>\n<p>Esto\u00a0para que cada persona tenga la opci\u00f3n de elegir el medio que m\u00e1s le convenga para su movilidad.<\/p>\n<p>Por ello, continuar\u00e1n llevando a cabo operativos de supervisi\u00f3n en Plaza Las Am\u00e9ricas, tomando las medidas necesarias.<\/p>\n","protected":false},"excerpt":{"rendered":"<p>Ante el reporte de amenazas contra operadores del transporte p\u00fablico por parte de taxistas en Canc\u00fan. Transporte nocturno: Ademas de autoridades del Ayuntamiento de Benito Ju\u00e1rez sostuvieron mesas de di\u00e1logo con representantes de ambas partes. Esto\u00a0con el fin de dar soluci\u00f3n al problema que afecta directamente a la ciudadan\u00eda. En un comunicado, el secretario general [&hellip;]<\/p>\n","protected":false},"author":1,"featured_media":9950,"comment_status":"open","ping_status":"closed","sticky":false,"template":"","format":"standard","meta":{"footnotes":""},"categories":[6,10],"tags":[],"class_list":["post-9948","post","type-post","status-publish","format-standard","has-post-thumbnail","hentry","category-local","category-quintana-roo"],"_links":{"self":[{"href":"https:\/\/podernacional.com\/index.php?rest_route=\/wp\/v2\/posts\/9948","targetHints":{"allow":["GET"]}}],"collection":[{"href":"https:\/\/podernacional.com\/index.php?rest_route=\/wp\/v2\/posts"}],"about":[{"href":"https:\/\/podernacional.com\/index.php?rest_route=\/wp\/v2\/types\/post"}],"author":[{"embeddable":true,"href":"https:\/\/podernacional.com\/index.php?rest_route=\/wp\/v2\/users\/1"}],"replies":[{"embeddable":true,"href":"https:\/\/podernacional.com\/index.php?rest_route=%2Fwp%2Fv2%2Fcomments&post=9948"}],"version-history":[{"count":1,"href":"https:\/\/podernacional.com\/index.php?rest_route=\/wp\/v2\/posts\/9948\/revisions"}],"predecessor-version":[{"id":9949,"href":"https:\/\/podernacional.com\/index.php?rest_route=\/wp\/v2\/posts\/9948\/revisions\/9949"}],"wp:featuredmedia":[{"embeddable":true,"href":"https:\/\/podernacional.com\/index.php?rest_route=\/wp\/v2\/media\/9950"}],"wp:attachment":[{"href":"https:\/\/podernacional.com\/index.php?rest_route=%2Fwp%2Fv2%2Fmedia&parent=9948"}],"wp:term":[{"taxonomy":"category","embeddable":true,"href":"https:\/\/podernacional.com\/index.php?rest_route=%2Fwp%2Fv2%2Fcategories&post=9948"},{"taxonomy":"post_tag","embeddable":true,"href":"https:\/\/podernacional.com\/index.php?rest_route=%2Fwp%2Fv2%2Ftags&post=9948"}],"curies":[{"name":"wp","href":"https:\/\/api.w.org\/{rel}","templated":true}]}}