{"id":9966,"date":"2022-10-24T19:22:06","date_gmt":"2022-10-25T00:22:06","guid":{"rendered":"https:\/\/podernacional.com\/?p=9966"},"modified":"2022-10-25T00:22:09","modified_gmt":"2022-10-25T00:22:09","slug":"celebra-la-fca-su-festival-de-dia-de-muertos","status":"publish","type":"post","link":"https:\/\/podernacional.com\/?p=9966","title":{"rendered":"Celebra la FCA su Festival de D\u00eda de Muertos"},"content":{"rendered":"<h4>Con la finalidad de fomentar cultura y tradiciones en los j\u00f3venes, la Facultad de Contadur\u00eda.<\/h4>\n<p>Festival de D\u00eda de Muertos: As\u00ed como de la Administraci\u00f3n (FCA) de la Universidad Aut\u00f3noma de Sinaloa (UAS).<\/p>\n<p>Ademas de que inaugur\u00f3 su Festival de D\u00eda de Muertos, donde se incorporan cuatro elementos:<\/p>\n<p>Altares de muertos, catrinas y catrines, calaveritas literarias y el festival.<\/p>\n<p>El director de la unidad acad\u00e9mica, maestro V\u00edctor Manuel Mizquiz Reyes, inform\u00f3 que fue con base en el Eje III:<\/p>\n<p>Extensi\u00f3n Universitaria y Difusi\u00f3n Cultural del Plan de Desarrollo Institucional Con Visi\u00f3n de Futuro 2025, del Rector.<\/p>\n<p>El cual es el\u00a0doctor Jes\u00fas Madue\u00f1a Molina.<\/p>\n<p>Ademas\u00a0que nace la idea de conllevar este evento cultural para celebrar en la Facultad a las personalidades que se adelantaron.<\/p>\n<p>Destac\u00f3 que se trabaja continuamente para llevar a los universitarios una educaci\u00f3n de calidad acad\u00e9mica, cultural, deportiva y en valores.<\/p>\n<p>De los cuales generaci\u00f3n tras generaci\u00f3n sigue formando profesionales aptos para los diferentes campos laborales que egresan de la instituci\u00f3n.<\/p>\n<p>Como invitada especial, la maestra Sof\u00eda Angulo de Madue\u00f1a, directora de la Unidad de Bienestar Universitario (UBU).<\/p>\n<h4>Al igual que\u00a0felicit\u00f3 la creatividad de los alumnos, al igual que la organizaci\u00f3n del evento, que permite continuar celebrando las tradiciones.<\/h4>\n<p>As\u00ed como estar\u00a0logrando recordar y homenajear a los difuntos.<\/p>\n<p>De igual manera, el maestro Homar Medina Barreda, coordinador general de Extensi\u00f3n de la Cultura.<\/p>\n<p>Ademas de que indic\u00f3 que es por medio de estas actividades que se inicia la XLIII Celebraci\u00f3n Universitaria de D\u00eda de Muertos 2022.<\/p>\n<p>Al igual que\u00a0reconoci\u00f3 el gran fomento que la FCA y el maestro Mizquiz Reyes brindan en desarrollo de actividades art\u00edsticas y culturales.<\/p>\n<p>Los universitarios realizaron un recorrido por los diversos altares de muertos.<\/p>\n<p>Lugar\u00a0donde los alumnos se esforzaron para homenajear dignamente a las diferentes personalidades mexicanas que fallecieron.<\/p>\n<p>As\u00ed como\u00a0explicar qui\u00e9nes eran en vida y lo que representa para la tradici\u00f3n su altar de muertos.<\/p>\n","protected":false},"excerpt":{"rendered":"<p>Con la finalidad de fomentar cultura y tradiciones en los j\u00f3venes, la Facultad de Contadur\u00eda. Festival de D\u00eda de Muertos: As\u00ed como de la Administraci\u00f3n (FCA) de la Universidad Aut\u00f3noma de Sinaloa (UAS). Ademas de que inaugur\u00f3 su Festival de D\u00eda de Muertos, donde se incorporan cuatro elementos: Altares de muertos, catrinas y catrines, calaveritas [&hellip;]<\/p>\n","protected":false},"author":1,"featured_media":9968,"comment_status":"open","ping_status":"closed","sticky":false,"template":"","format":"standard","meta":{"footnotes":""},"categories":[2,5],"tags":[],"class_list":["post-9966","post","type-post","status-publish","format-standard","has-post-thumbnail","hentry","category-cultural","category-internacional"],"_links":{"self":[{"href":"https:\/\/podernacional.com\/index.php?rest_route=\/wp\/v2\/posts\/9966","targetHints":{"allow":["GET"]}}],"collection":[{"href":"https:\/\/podernacional.com\/index.php?rest_route=\/wp\/v2\/posts"}],"about":[{"href":"https:\/\/podernacional.com\/index.php?rest_route=\/wp\/v2\/types\/post"}],"author":[{"embeddable":true,"href":"https:\/\/podernacional.com\/index.php?rest_route=\/wp\/v2\/users\/1"}],"replies":[{"embeddable":true,"href":"https:\/\/podernacional.com\/index.php?rest_route=%2Fwp%2Fv2%2Fcomments&post=9966"}],"version-history":[{"count":1,"href":"https:\/\/podernacional.com\/index.php?rest_route=\/wp\/v2\/posts\/9966\/revisions"}],"predecessor-version":[{"id":9967,"href":"https:\/\/podernacional.com\/index.php?rest_route=\/wp\/v2\/posts\/9966\/revisions\/9967"}],"wp:featuredmedia":[{"embeddable":true,"href":"https:\/\/podernacional.com\/index.php?rest_route=\/wp\/v2\/media\/9968"}],"wp:attachment":[{"href":"https:\/\/podernacional.com\/index.php?rest_route=%2Fwp%2Fv2%2Fmedia&parent=9966"}],"wp:term":[{"taxonomy":"category","embeddable":true,"href":"https:\/\/podernacional.com\/index.php?rest_route=%2Fwp%2Fv2%2Fcategories&post=9966"},{"taxonomy":"post_tag","embeddable":true,"href":"https:\/\/podernacional.com\/index.php?rest_route=%2Fwp%2Fv2%2Ftags&post=9966"}],"curies":[{"name":"wp","href":"https:\/\/api.w.org\/{rel}","templated":true}]}}