{"id":9969,"date":"2022-10-24T19:27:26","date_gmt":"2022-10-25T00:27:26","guid":{"rendered":"https:\/\/podernacional.com\/?p=9969"},"modified":"2022-10-25T00:27:28","modified_gmt":"2022-10-25T00:27:28","slug":"futbol-estufa-liga-mx-bajas-altas-y-refuerzos-de-cruz-azul","status":"publish","type":"post","link":"https:\/\/podernacional.com\/?p=9969","title":{"rendered":"Futbol Estufa Liga MX: Bajas, altas y refuerzos de Cruz Azul"},"content":{"rendered":"<h4>Se cocina el Torneo Clausura 2023 y La M\u00e1quina mueve sus fichas para la pr\u00f3xima temporada.<\/h4>\n<p>Futbol Estufa Liga MX: Cruz Azul se despidi\u00f3 del Torneo Apertura 2022 de Liga MX de una mala manera.<\/p>\n<p>Ademas que pues a pesar de que lleg\u00f3 a los Cuartos de Final no cumpli\u00f3 con las expectativas de sus aficionados.<\/p>\n<p>Por lo que mueve las fichas con el futbol estufa para definir sus bajas, altas y refuerzos para el Clausura 2023.<\/p>\n<p>La M\u00e1quina mostr\u00f3 un nivel irregular durante toda la Fase Regular, sufri\u00f3 una goleada hist\u00f3rica ante al Am\u00e9rica.<\/p>\n<p>As\u00ed como que\u00a0perdi\u00f3 a su entrenador y luego fue eliminado por Rayados.<\/p>\n<p>Sin embargo, Ra\u00fal &#8216;Potro&#8217; Guti\u00e9rrez, quien permanecer\u00e1 en el banquillo, rescat\u00f3 un poco al barco.<\/p>\n<p>Gracias a su buen trabajo, el Potro se gan\u00f3 la confianza de la directiva.<\/p>\n<p>Ademas de que\u00a0seguir\u00e1 siendo el entrenador de La M\u00e1quina de cara al pr\u00f3ximo a\u00f1o, pero existir\u00e1n cambios dentro de la instituci\u00f3n.<\/p>\n<p>Aunque a\u00fan falta tiempo para que d\u00e9 inicio al Torneo Clausura 2023.<\/p>\n<p>Ademas que\u00a0el Cruz Azul mueve sus piezas para reforzarse, tanto con las bajas como con las altas que tendr\u00e1 en su plantilla.<\/p>\n<p>Varios son los futbolistas que se perfilan para salir de La M\u00e1quina en el pr\u00f3ximo mercado de fichajes.<\/p>\n<p>Esto debido a que algunos terminar\u00e1n su contrato en diciembre y no contemplar\u00edan renovarlos.<\/p>\n<p>Por ende, mientras que algunos ya no entrar\u00edan en planes y el equipo cementero les buscar\u00eda salida.<\/p>\n<h4>Posibles bajas de Cruz Azul<\/h4>\n<p>Ramiro Carrera es el jugador que genera inter\u00e9s en Cruz Azul<\/p>\n<p>LIGA MX<\/p>\n<p>Gerardo Torrado se perfila para ser director deportivo de Cruz Azul<\/p>\n<p>LIGA MX<\/p>\n<p>Seg\u00fan ha informado Adri\u00e1n Esparza a TUDN, Alejandro Mayorga y Luis Abram no ser\u00e1n renovados.<\/p>\n<p>Por lo que deber\u00e1n volver a Chivas y Granada, respectivamente.<\/p>\n<p>Otro de los jugadores que termina contrato con Cruz Azul es \u2018Shaggy\u2019 Mart\u00ednez y no tiene pl\u00e1ticas para renovar.<\/p>\n<p>En el caso de \u00c1ngel Romero, la directiva quiere su permanencia y reactivaron pl\u00e1ticas todav\u00eda sin acuerdo.<\/p>\n<p>Uriel Antuna, Charly Rodr\u00edguez y Michael Estrada tambi\u00e9n pueden estar en la puerta de salida si llegan ofertas buenas.<\/p>\n<p>Asimismo, Christian Tab\u00f3 no est\u00e1 contento con los pocos minutos y su baja puede darse en venta.<\/p>\n<h4>Mientras tanto, Sebasti\u00e1n Jurado tambi\u00e9n tiene posibilidades de salir tras perder la titularidad luego del 7-0 que les propin\u00f3 el Am\u00e9rica.<\/h4>\n<p>Iv\u00e1n Morales<\/p>\n<p>Christian Tab\u00f3<\/p>\n<p>\u00c1ngel Romero<\/p>\n<p>Joaqu\u00edn Mart\u00ednez<\/p>\n<p>Julio C\u00e9sar Dom\u00ednguez<\/p>\n<p>Rafael Baca<\/p>\n<p>Alex Mayorga<\/p>\n<p>Luis Abram<\/p>\n<p>Sebasti\u00e1n Jurado<\/p>\n<p>&#8216;Potro&#8217; Guti\u00e9rrez seguir\u00e1 como DT de Cruz Azul para el 2023<\/p>\n<p>Posibles altas de Cruz Azul<\/p>\n<p>Aunque en el cuadro celeste a\u00fan no hay director deportivo.<\/p>\n<p>Ademas de que\u00a0saben que el tiempo es oro y no piensan solo en los jugadores que saldr\u00e1n, sino que trabajan en posibles refuerzos.<\/p>\n<p>Un futbolista que ha generado inter\u00e9s en la directiva es el argentino de 29 a\u00f1os Ramiro Carrera.<\/p>\n<p>El cual\u00a0quien actualmente milita en Atl\u00e9tico Tucum\u00e1n de su pa\u00eds.<\/p>\n<p>Ademas de un club que fue la revelaci\u00f3n durante el m\u00e1s reciente torneo de la Liga Profesional de Futbol de la AFA.<\/p>\n<p>Futbol Estufa Liga MX<\/p>\n","protected":false},"excerpt":{"rendered":"<p>Se cocina el Torneo Clausura 2023 y La M\u00e1quina mueve sus fichas para la pr\u00f3xima temporada. Futbol Estufa Liga MX: Cruz Azul se despidi\u00f3 del Torneo Apertura 2022 de Liga MX de una mala manera. Ademas que pues a pesar de que lleg\u00f3 a los Cuartos de Final no cumpli\u00f3 con las expectativas de sus [&hellip;]<\/p>\n","protected":false},"author":1,"featured_media":9971,"comment_status":"open","ping_status":"closed","sticky":false,"template":"","format":"standard","meta":{"footnotes":""},"categories":[3,4,5],"tags":[],"class_list":["post-9969","post","type-post","status-publish","format-standard","has-post-thumbnail","hentry","category-deportes","category-espectaculos","category-internacional"],"_links":{"self":[{"href":"https:\/\/podernacional.com\/index.php?rest_route=\/wp\/v2\/posts\/9969","targetHints":{"allow":["GET"]}}],"collection":[{"href":"https:\/\/podernacional.com\/index.php?rest_route=\/wp\/v2\/posts"}],"about":[{"href":"https:\/\/podernacional.com\/index.php?rest_route=\/wp\/v2\/types\/post"}],"author":[{"embeddable":true,"href":"https:\/\/podernacional.com\/index.php?rest_route=\/wp\/v2\/users\/1"}],"replies":[{"embeddable":true,"href":"https:\/\/podernacional.com\/index.php?rest_route=%2Fwp%2Fv2%2Fcomments&post=9969"}],"version-history":[{"count":1,"href":"https:\/\/podernacional.com\/index.php?rest_route=\/wp\/v2\/posts\/9969\/revisions"}],"predecessor-version":[{"id":9970,"href":"https:\/\/podernacional.com\/index.php?rest_route=\/wp\/v2\/posts\/9969\/revisions\/9970"}],"wp:featuredmedia":[{"embeddable":true,"href":"https:\/\/podernacional.com\/index.php?rest_route=\/wp\/v2\/media\/9971"}],"wp:attachment":[{"href":"https:\/\/podernacional.com\/index.php?rest_route=%2Fwp%2Fv2%2Fmedia&parent=9969"}],"wp:term":[{"taxonomy":"category","embeddable":true,"href":"https:\/\/podernacional.com\/index.php?rest_route=%2Fwp%2Fv2%2Fcategories&post=9969"},{"taxonomy":"post_tag","embeddable":true,"href":"https:\/\/podernacional.com\/index.php?rest_route=%2Fwp%2Fv2%2Ftags&post=9969"}],"curies":[{"name":"wp","href":"https:\/\/api.w.org\/{rel}","templated":true}]}}