{"id":9972,"date":"2022-10-24T19:31:34","date_gmt":"2022-10-25T00:31:34","guid":{"rendered":"https:\/\/podernacional.com\/?p=9972"},"modified":"2022-10-25T00:31:35","modified_gmt":"2022-10-25T00:31:35","slug":"avalan-reformas-que-prohiben-uso-de-mamiferos-marinos-en-espectaculos-fijos-o-itinerantes","status":"publish","type":"post","link":"https:\/\/podernacional.com\/?p=9972","title":{"rendered":"Avalan reformas que proh\u00edben uso de mam\u00edferos marinos en espect\u00e1culos fijos o itinerantes"},"content":{"rendered":"<h4>La C\u00e1mara de Diputados aprob\u00f3 el proyecto de decreto por el que se reforma el art\u00edculo 60 Bis de la Ley General de Vida Silvestre.<\/h4>\n<p>Avalan reformas: As\u00ed como con la finalidad de prohibir la utilizaci\u00f3n de ejemplares mam\u00edferos marinos en espect\u00e1culos fijos o itinerantes.<\/p>\n<p>Ademas de en cualquier actividad que no sea de investigaci\u00f3n cient\u00edfica o ense\u00f1anza, para su conservaci\u00f3n y preservaci\u00f3n.<\/p>\n<p>Se trat\u00f3 de una iniciativa que fue considerada de urgente resoluci\u00f3n, se le dispensaron todos los tr\u00e1mites y se someti\u00f3 a discusi\u00f3n,\u00a0votaci\u00f3n de inmediato.<\/p>\n<p>El documento se aprob\u00f3 en lo general, con 331 votos a favor, 17 en contra y 125 abstenciones.<\/p>\n<p>As\u00ed como en lo particular, con 318 votos a favor, 19 en contra y 130 abstenciones.<\/p>\n<p>Precisa que ning\u00fan ejemplar de mam\u00edfero marino, cualquiera que sea la especie, podr\u00e1 ser sujeto de aprovechamiento extractivo.<\/p>\n<p>Ademas que ya sea de subsistencia o comercial.<\/p>\n<h4>Aunque con excepci\u00f3n de la captura que tenga por objeto la investigaci\u00f3n cient\u00edfica o con prop\u00f3sitos de ense\u00f1anza, para su conservaci\u00f3n y preservaci\u00f3n.<\/h4>\n<p>Tambi\u00e9n, proh\u00edbe realizar la reproducci\u00f3n de ejemplares de mam\u00edferos marinos bajo manejo intensivo cuya finalidad no sea la reintroducci\u00f3n, la repoblaci\u00f3n o la translocaci\u00f3n.<\/p>\n<p>En los transitorios del documento, enviado al Senado de la Rep\u00fablica para sus efectos constitucionales.<\/p>\n<p>Ademas de que menciona que los propietarios y poseedores de mam\u00edferos marinos en cautiverio contar\u00e1n con un plazo m\u00e1ximo de noventa d\u00edas naturales.<\/p>\n<p>Esto a partir de la entrada en vigor del presente decreto, para integrar-entregar un inventario de dichos ejemplares a la Secretar\u00eda de Medio Ambiente.<\/p>\n<p>Al igual que de los Recursos Naturales y a la Procuradur\u00eda Federal de Protecci\u00f3n al Ambiente (Avalan reformas).<\/p>\n<p>Dicho inventario deber\u00e1 indicar:<\/p>\n<p>Nombre cient\u00edfico, nombre com\u00fan, sistema y n\u00famero de marca, sexo, edad, nombre propio, en su caso, documento que demuestre su legal procedencia.<\/p>\n<p>As\u00ed como estar; trat\u00e1ndose de hembras, si se encuentra gestante y, en su caso, tiempo de gestaci\u00f3n.<\/p>\n<p>Trat\u00e1ndose de ejemplares nacidos en cautiverio, fecha de nacimiento, sistema y n\u00famero de marca de los progenitores, y cualquier otro dato que determine la Secretar\u00eda.<\/p>\n","protected":false},"excerpt":{"rendered":"<p>La C\u00e1mara de Diputados aprob\u00f3 el proyecto de decreto por el que se reforma el art\u00edculo 60 Bis de la Ley General de Vida Silvestre. Avalan reformas: As\u00ed como con la finalidad de prohibir la utilizaci\u00f3n de ejemplares mam\u00edferos marinos en espect\u00e1culos fijos o itinerantes. Ademas de en cualquier actividad que no sea de investigaci\u00f3n [&hellip;]<\/p>\n","protected":false},"author":1,"featured_media":9974,"comment_status":"open","ping_status":"closed","sticky":false,"template":"","format":"standard","meta":{"footnotes":""},"categories":[4,5],"tags":[],"class_list":["post-9972","post","type-post","status-publish","format-standard","has-post-thumbnail","hentry","category-espectaculos","category-internacional"],"_links":{"self":[{"href":"https:\/\/podernacional.com\/index.php?rest_route=\/wp\/v2\/posts\/9972","targetHints":{"allow":["GET"]}}],"collection":[{"href":"https:\/\/podernacional.com\/index.php?rest_route=\/wp\/v2\/posts"}],"about":[{"href":"https:\/\/podernacional.com\/index.php?rest_route=\/wp\/v2\/types\/post"}],"author":[{"embeddable":true,"href":"https:\/\/podernacional.com\/index.php?rest_route=\/wp\/v2\/users\/1"}],"replies":[{"embeddable":true,"href":"https:\/\/podernacional.com\/index.php?rest_route=%2Fwp%2Fv2%2Fcomments&post=9972"}],"version-history":[{"count":1,"href":"https:\/\/podernacional.com\/index.php?rest_route=\/wp\/v2\/posts\/9972\/revisions"}],"predecessor-version":[{"id":9973,"href":"https:\/\/podernacional.com\/index.php?rest_route=\/wp\/v2\/posts\/9972\/revisions\/9973"}],"wp:featuredmedia":[{"embeddable":true,"href":"https:\/\/podernacional.com\/index.php?rest_route=\/wp\/v2\/media\/9974"}],"wp:attachment":[{"href":"https:\/\/podernacional.com\/index.php?rest_route=%2Fwp%2Fv2%2Fmedia&parent=9972"}],"wp:term":[{"taxonomy":"category","embeddable":true,"href":"https:\/\/podernacional.com\/index.php?rest_route=%2Fwp%2Fv2%2Fcategories&post=9972"},{"taxonomy":"post_tag","embeddable":true,"href":"https:\/\/podernacional.com\/index.php?rest_route=%2Fwp%2Fv2%2Ftags&post=9972"}],"curies":[{"name":"wp","href":"https:\/\/api.w.org\/{rel}","templated":true}]}}