{"id":9981,"date":"2022-10-24T20:30:08","date_gmt":"2022-10-25T01:30:08","guid":{"rendered":"https:\/\/podernacional.com\/?p=9981"},"modified":"2022-10-25T01:30:10","modified_gmt":"2022-10-25T01:30:10","slug":"firma-gobierno-de-zacatecas-a-traves-del-izc-convenio-de-colaboracion-con-cam-y-uaz","status":"publish","type":"post","link":"https:\/\/podernacional.com\/?p=9981","title":{"rendered":"Firma Gobierno de Zacatecas, a trav\u00e9s del IZC, convenio de colaboraci\u00f3n con CAM y UAZ"},"content":{"rendered":"<h4>Buscan desarrollar proyectos culturales, acad\u00e9micos y de investigaci\u00f3n<\/h4>\n<p>CAM y UAZ: Esto con el fin de desarrollar proyectos culturales, acad\u00e9micos y de investigaci\u00f3n.<\/p>\n<p>As\u00ed como que contribuyan a la regeneraci\u00f3n del tejido social y a alcanzar la paz en la entidad, el Gobierno de Zacatecas.<\/p>\n<p>Por ende a\u00a0trav\u00e9s del Instituto Zacatecano de Cultura (IZC) \u201cRam\u00f3n L\u00f3pez Velarde\u201d.<\/p>\n<p>El cual\u00a0realiz\u00f3 la firma de un convenio de colaboraci\u00f3n con el Centro de Actualizaci\u00f3n del Magisterio (CAM) en Zacatecas.<\/p>\n<p>Ademas de\u00a0la Universidad Aut\u00f3noma de Zacatecas (UAZ).<\/p>\n<p>A nombre del Gobierno de Zacatecas, que encabeza el mandatario David Monreal \u00c1vila, la Directora del IZC \u201cRam\u00f3n L\u00f3pez Velarde\u201d.<\/p>\n<p>La cual\u00a0Mar\u00eda de Jes\u00fas Mu\u00f1oz Reyes, reconoci\u00f3 la importancia de coincidir con estas instituciones educativas.<\/p>\n<p>As\u00ed como poder llevar de manera conjunta una alianza que ayude a mejorar y promover un mejor Zacatecas.<\/p>\n<p>Indic\u00f3 que el Gobierno de Zacatecas, a trav\u00e9s del Instituto Zacatecanos de Cultura.<\/p>\n<p>Ademas de que se suma con toda la apertura e inter\u00e9s de poder desarrollar esta colaboraci\u00f3n con el Centro de Actualizaci\u00f3n del Magisterio (CAM) Zacatecas.<\/p>\n<h4>A\u00a0fin llevar a cabo, de forma conjunta, diversas actividades art\u00edsticas, culturales y acad\u00e9micas, las cuales ser\u00e1n de gran beneficio para la poblaci\u00f3n zacatecana.<\/h4>\n<p>Antes, Rub\u00e9n Ibarra Reyes, rector de la Universidad Aut\u00f3noma de Zacatecas (UAZ).<\/p>\n<p>Por ende se dijo que la firma de este convenio \u201cformaliza lo que hacemos de manera cotidiana.<\/p>\n<p>As\u00ed como porque los cuerpos acad\u00e9micos, los investigadores y propios programas de nuestra m\u00e1xima casa de estudios tienen una relaci\u00f3n muy estrecha con el campo.<\/p>\n<p>\u201cNo de ahora, desde hace muchos a\u00f1os\u201d.<\/p>\n<p>De igual forma, dej\u00f3 en manifiesto la voluntad de la UAZ para trabajar de manera coordinada con el CAM.<\/p>\n<p>As\u00ed como el IZC, en esta l\u00f3gica, en el fortalecimiento de nuestra sociedad.<\/p>\n<p>Las autoridades educativas y de cultura de Zacatecas signaron el documento que avala la colaboraci\u00f3n que habr\u00e1n de tener las instituciones involucradas.<\/p>\n<p>Esto\u00a0en beneficio del impulso de la transformaci\u00f3n del estado de Zacatecas.<\/p>\n<p>Dicha colaboraci\u00f3n tendr\u00e1 como base el desarrollo de proyectos de cultura, arte e investigaci\u00f3n, en temas de inter\u00e9s com\u00fan.<\/p>\n<p>Al igual que la organizaci\u00f3n de actividades de formaci\u00f3n como seminarios, cursos y talleres.<\/p>\n<h4>As\u00ed como la\u00a0difusi\u00f3n de conocimientos mediante la organizaci\u00f3n de conferencias, reuniones, exposiciones, redes sociales.<\/h4>\n<p>Ademas del\u00a0intercambio de sus expertos y\/o investigadores, con el objeto de impartir cursos y realizar proyectos de cultura, arte o investigaci\u00f3n.<\/p>\n<p>Asimismo, se contempla el intercambio de personal.<\/p>\n<p>As\u00ed como con el objetivo de tener capacitaciones especializadas en las \u00e1reas correspondientes, dictaminaci\u00f3n.<\/p>\n<p>Al igual que la\u00a0publicaci\u00f3n de producciones acad\u00e9micas, culturales y art\u00edsticas.<\/p>\n<p>Ademas del apoyo rec\u00edproco en actividades de extensi\u00f3n, acad\u00e9micas, culturales o art\u00edsticas, de inter\u00e9s com\u00fan, entre otras.<\/p>\n<p>Finalmente, Jos\u00e9 Honorio Jim\u00e9nez, director del Centro de Actualizaci\u00f3n del Magisterio.<\/p>\n<p>Ademas de que inaugur\u00f3 las actividades del II Coloquio Internacional de An\u00e1lisis Curricular y Estudios Bibliogr\u00e1ficos en torno a la Educaci\u00f3n.<\/p>\n<p>Esto en los siglos del XVI y XXI, situado en el marco de la Convenci\u00f3n Internacional de Educaci\u00f3n y Cultura Magisterial.<\/p>\n<p>El cual en cuya apertura fue firmado el convenio entre las instituciones antes mencionadas.<\/p>\n","protected":false},"excerpt":{"rendered":"<p>Buscan desarrollar proyectos culturales, acad\u00e9micos y de investigaci\u00f3n CAM y UAZ: Esto con el fin de desarrollar proyectos culturales, acad\u00e9micos y de investigaci\u00f3n. As\u00ed como que contribuyan a la regeneraci\u00f3n del tejido social y a alcanzar la paz en la entidad, el Gobierno de Zacatecas. Por ende a\u00a0trav\u00e9s del Instituto Zacatecano de Cultura (IZC) \u201cRam\u00f3n [&hellip;]<\/p>\n","protected":false},"author":1,"featured_media":9983,"comment_status":"open","ping_status":"closed","sticky":false,"template":"","format":"standard","meta":{"footnotes":""},"categories":[7,9],"tags":[],"class_list":["post-9981","post","type-post","status-publish","format-standard","has-post-thumbnail","hentry","category-nacional","category-politica"],"_links":{"self":[{"href":"https:\/\/podernacional.com\/index.php?rest_route=\/wp\/v2\/posts\/9981","targetHints":{"allow":["GET"]}}],"collection":[{"href":"https:\/\/podernacional.com\/index.php?rest_route=\/wp\/v2\/posts"}],"about":[{"href":"https:\/\/podernacional.com\/index.php?rest_route=\/wp\/v2\/types\/post"}],"author":[{"embeddable":true,"href":"https:\/\/podernacional.com\/index.php?rest_route=\/wp\/v2\/users\/1"}],"replies":[{"embeddable":true,"href":"https:\/\/podernacional.com\/index.php?rest_route=%2Fwp%2Fv2%2Fcomments&post=9981"}],"version-history":[{"count":1,"href":"https:\/\/podernacional.com\/index.php?rest_route=\/wp\/v2\/posts\/9981\/revisions"}],"predecessor-version":[{"id":9982,"href":"https:\/\/podernacional.com\/index.php?rest_route=\/wp\/v2\/posts\/9981\/revisions\/9982"}],"wp:featuredmedia":[{"embeddable":true,"href":"https:\/\/podernacional.com\/index.php?rest_route=\/wp\/v2\/media\/9983"}],"wp:attachment":[{"href":"https:\/\/podernacional.com\/index.php?rest_route=%2Fwp%2Fv2%2Fmedia&parent=9981"}],"wp:term":[{"taxonomy":"category","embeddable":true,"href":"https:\/\/podernacional.com\/index.php?rest_route=%2Fwp%2Fv2%2Fcategories&post=9981"},{"taxonomy":"post_tag","embeddable":true,"href":"https:\/\/podernacional.com\/index.php?rest_route=%2Fwp%2Fv2%2Ftags&post=9981"}],"curies":[{"name":"wp","href":"https:\/\/api.w.org\/{rel}","templated":true}]}}