{"id":9987,"date":"2022-10-24T20:38:58","date_gmt":"2022-10-25T01:38:58","guid":{"rendered":"https:\/\/podernacional.com\/?p=9987"},"modified":"2022-10-25T01:39:00","modified_gmt":"2022-10-25T01:39:00","slug":"especialistas-exhortan-a-mejorar-inversion-para-tratar-salud-mental-en-jalisco","status":"publish","type":"post","link":"https:\/\/podernacional.com\/?p=9987","title":{"rendered":"Especialistas exhortan a mejorar inversi\u00f3n para tratar salud mental en Jalisco"},"content":{"rendered":"<h4>Adem\u00e1s del desconocimiento y los estigmas sociales, tambi\u00e9n es necesario reforzar los presupuestos destinados a la atenci\u00f3n de la salud mental<\/h4>\n<p>Especialistas: A pesar de que existen esfuerzos para tratar a la salud mental, a\u00fan es necesario fortalecer mecanismos.<\/p>\n<p>As\u00ed como de presupuestos para garantizar el acceso a tratamientos para las y los jaliscienses que padezcan alguna enfermedad de \u00edndole mental.<\/p>\n<p>Ademas de que\u00a0coincidieron especialistas durante el foro \u201cRetos y prospectivas de la salud mental en Jalisco\u201d.<\/p>\n<p>Durante este foro, organizado por el Centro Universitario de Ciencias de la Salud (CUCS).<\/p>\n<p>Al igual que la Directora de la Divisi\u00f3n de Disciplinas B\u00e1sicas para la Salud del plantel, doctora Norma Alicia Ruvalcaba Romo.<\/p>\n<p>La cual\u00a0sostuvo que en M\u00e9xico \u00fanicamente 2 por ciento del presupuesto asignado a salud se emplea en la salud mental.<\/p>\n<p>As\u00ed como\u00a0en Jalisco el 1 por ciento.<\/p>\n<p>Sin embargo, este monto se direcciona hacia la atenci\u00f3n de hospitales psiqui\u00e1tricos, sin considerar la prevenci\u00f3n y la promoci\u00f3n.<\/p>\n<p>\u201cLos presupuestos a nivel federal se han estancado; pr\u00e1cticamente no ha habido cambios si consideramos las crisis inflacionarias y dem\u00e1s, que pueden ir mermando\u201d.<\/p>\n<h4>\u201cEstamos con presupuestos considerablemente menores que en otros pa\u00edses de Am\u00e9rica Latina\u201d, asegur\u00f3.<\/h4>\n<p>El Director del Instituto Nacional de Psiquiatr\u00eda, doctor Eduardo \u00c1ngel Madrigal de Le\u00f3n.<\/p>\n<p>Ademas de que asever\u00f3 que en M\u00e9xico la salud mental enfrenta una serie de retos.<\/p>\n<p>Adem\u00e1s de la falta de recursos; los primordiales son los estigmas en la sociedad y el desconocimiento para tratar enfermedades de esta \u00edndole.<\/p>\n<h4>\u00bfCu\u00e1l es, hist\u00f3ricamente, el problema de la salud mental?<\/h4>\n<p>Su falta de visibilidad y el estigma.<\/p>\n<p>\u201cEs decir, la atenci\u00f3n de la salud con todo mundo y en toda la historia la salud mental aparece al final de esas prioridades\u201d, dijo.<\/p>\n<p>El investigador se\u00f1al\u00f3 que estas situaciones favorecen que a la salud mental se le vea como un estigma.<\/p>\n<p>Adem\u00e1s de que este desconocimiento tambi\u00e9n influye en que no exista infraestructura suficiente en los tres niveles de atenci\u00f3n.<\/p>\n<p>\u201cEs importante que toquemos estos temas que son tan relevantes para la sociedad\u201d.<\/p>\n<p>En primera instancia, hay tres motivos para poder invertir en salud mental:<\/p>\n<p>La importancia en la salud p\u00fablica, el impacto en los derechos humanos y en el desarrollo econ\u00f3mico, enunci\u00f3.<\/p>\n","protected":false},"excerpt":{"rendered":"<p>Adem\u00e1s del desconocimiento y los estigmas sociales, tambi\u00e9n es necesario reforzar los presupuestos destinados a la atenci\u00f3n de la salud mental Especialistas: A pesar de que existen esfuerzos para tratar a la salud mental, a\u00fan es necesario fortalecer mecanismos. As\u00ed como de presupuestos para garantizar el acceso a tratamientos para las y los jaliscienses que [&hellip;]<\/p>\n","protected":false},"author":1,"featured_media":9989,"comment_status":"open","ping_status":"closed","sticky":false,"template":"","format":"standard","meta":{"footnotes":""},"categories":[5,11],"tags":[],"class_list":["post-9987","post","type-post","status-publish","format-standard","has-post-thumbnail","hentry","category-internacional","category-salud"],"_links":{"self":[{"href":"https:\/\/podernacional.com\/index.php?rest_route=\/wp\/v2\/posts\/9987","targetHints":{"allow":["GET"]}}],"collection":[{"href":"https:\/\/podernacional.com\/index.php?rest_route=\/wp\/v2\/posts"}],"about":[{"href":"https:\/\/podernacional.com\/index.php?rest_route=\/wp\/v2\/types\/post"}],"author":[{"embeddable":true,"href":"https:\/\/podernacional.com\/index.php?rest_route=\/wp\/v2\/users\/1"}],"replies":[{"embeddable":true,"href":"https:\/\/podernacional.com\/index.php?rest_route=%2Fwp%2Fv2%2Fcomments&post=9987"}],"version-history":[{"count":1,"href":"https:\/\/podernacional.com\/index.php?rest_route=\/wp\/v2\/posts\/9987\/revisions"}],"predecessor-version":[{"id":9988,"href":"https:\/\/podernacional.com\/index.php?rest_route=\/wp\/v2\/posts\/9987\/revisions\/9988"}],"wp:featuredmedia":[{"embeddable":true,"href":"https:\/\/podernacional.com\/index.php?rest_route=\/wp\/v2\/media\/9989"}],"wp:attachment":[{"href":"https:\/\/podernacional.com\/index.php?rest_route=%2Fwp%2Fv2%2Fmedia&parent=9987"}],"wp:term":[{"taxonomy":"category","embeddable":true,"href":"https:\/\/podernacional.com\/index.php?rest_route=%2Fwp%2Fv2%2Fcategories&post=9987"},{"taxonomy":"post_tag","embeddable":true,"href":"https:\/\/podernacional.com\/index.php?rest_route=%2Fwp%2Fv2%2Ftags&post=9987"}],"curies":[{"name":"wp","href":"https:\/\/api.w.org\/{rel}","templated":true}]}}